{"id":2567,"date":"2024-04-21T12:56:20","date_gmt":"2024-04-21T10:56:20","guid":{"rendered":"https:\/\/www.arbitraire.fr\/actu\/?p=2567"},"modified":"2024-04-21T12:56:20","modified_gmt":"2024-04-21T10:56:20","slug":"les-nouvelles-arbitraire-avril-2024","status":"publish","type":"post","link":"https:\/\/www.arbitraire.fr\/actu\/2024\/04\/les-nouvelles-arbitraire-avril-2024\/","title":{"rendered":"[Les Nouvelles] Arbitraire \u2013 Avril 2024"},"content":{"rendered":"\n<div class=\"wp-block-group is-layout-constrained\"><div class=\"wp-block-group__inner-container\"><div class=\"wp-block-image\">\n<figure class=\"aligncenter size-full is-resized\"><img decoding=\"async\" loading=\"lazy\" src=\"https:\/\/www.arbitraire.fr\/actu\/wp-content\/uploads\/2024\/04\/TitreNewsNouvellesArbiBD-600x238-1.jpg\" alt=\"\" class=\"wp-image-2568\" width=\"464\" height=\"184\" srcset=\"https:\/\/www.arbitraire.fr\/actu\/wp-content\/uploads\/2024\/04\/TitreNewsNouvellesArbiBD-600x238-1.jpg 600w, https:\/\/www.arbitraire.fr\/actu\/wp-content\/uploads\/2024\/04\/TitreNewsNouvellesArbiBD-600x238-1-300x119.jpg 300w\" sizes=\"(max-width: 464px) 100vw, 464px\" \/><\/figure><\/div><\/div><\/div>\n\n\n\n<p class=\"align-center\" style=\"text-align: center;\">Ce mois-ci on se pr\u00e9pare pour\u00a0<a href=\"https:\/\/centralvapeur.org\/festival\/\">Central Vapeur<\/a>\u00a0qui aura lieu<br \/>le premier week-end de mai \u00e0 Strasbourg.<br \/><br \/>On emm\u00e8nera nos nouvelles affiches<br \/>de\u00a0<a href=\"https:\/\/www.arbitraire.fr\/affiches_juliedoucet.php\">Julie Doucet<\/a>\u00a0et\u00a0<a href=\"https:\/\/www.arbitraire.fr\/affiches_desnoyers_vibration.php\">Gwendoline Desnoyers<\/a>, que vous<br \/>pouvez d&rsquo;ores-et-d\u00e9j\u00e0 retrouver en vente sur notre site.<br \/><br \/>Et aussi, on pr\u00e9pare l&rsquo;avenir, avec un livre<br \/>de\u00a0<a href=\"https:\/\/pierremarty.blogspot.com\/\">Pierre Marty\u00a0<\/a>\u00e0 para\u00eetre cet \u00e9t\u00e9.\u00a0<br \/>On vous en dit plus juste l\u00e0, en dessous !<\/p>\n\n\n<div class=\"wp-block-image\">\n<figure class=\"aligncenter size-full\"><img decoding=\"async\" loading=\"lazy\" width=\"600\" height=\"31\" src=\"https:\/\/www.arbitraire.fr\/actu\/wp-content\/uploads\/2024\/04\/ligne-600x31-1.jpg\" alt=\"\" class=\"wp-image-2569\" srcset=\"https:\/\/www.arbitraire.fr\/actu\/wp-content\/uploads\/2024\/04\/ligne-600x31-1.jpg 600w, https:\/\/www.arbitraire.fr\/actu\/wp-content\/uploads\/2024\/04\/ligne-600x31-1-300x16.jpg 300w\" sizes=\"(max-width: 600px) 100vw, 600px\" \/><\/figure><\/div>\n\n\n<div class=\"wp-block-group has-small-font-size is-layout-constrained\"><div class=\"wp-block-group__inner-container\">\n\n<div class=\"wp-block-image\">\n<figure class=\"aligncenter size-full is-resized\"><img decoding=\"async\" loading=\"lazy\" src=\"https:\/\/www.arbitraire.fr\/actu\/wp-content\/uploads\/2024\/04\/FuturBD-6.jpg\" alt=\"\" class=\"wp-image-2570\" width=\"143\" height=\"58\"\/><\/figure><\/div><\/div><\/div>\n\n\n\n<div class=\"wp-block-group is-layout-constrained\"><div class=\"wp-block-group__inner-container\"><div class=\"wp-block-image\">\n<figure class=\"aligncenter size-full is-resized\"><img decoding=\"async\" loading=\"lazy\" src=\"https:\/\/www.arbitraire.fr\/actu\/wp-content\/uploads\/2024\/04\/Etoile1BD-7.jpg\" alt=\"\" class=\"wp-image-2571\" width=\"55\" height=\"59\"\/><\/figure><\/div><\/div><\/div>\n\n\n\n\n<div class=\"wp-block-image\">\n<figure class=\"aligncenter size-large is-resized\"><img decoding=\"async\" loading=\"lazy\" src=\"https:\/\/www.arbitraire.fr\/actu\/wp-content\/uploads\/2024\/04\/couv-apercu-ALL-1024x718.jpg\" alt=\"\" class=\"wp-image-2572\" width=\"716\" height=\"502\" srcset=\"https:\/\/www.arbitraire.fr\/actu\/wp-content\/uploads\/2024\/04\/couv-apercu-ALL-1024x718.jpg 1024w, https:\/\/www.arbitraire.fr\/actu\/wp-content\/uploads\/2024\/04\/couv-apercu-ALL-300x210.jpg 300w, https:\/\/www.arbitraire.fr\/actu\/wp-content\/uploads\/2024\/04\/couv-apercu-ALL-768x538.jpg 768w, https:\/\/www.arbitraire.fr\/actu\/wp-content\/uploads\/2024\/04\/couv-apercu-ALL-600x421.jpg 600w, https:\/\/www.arbitraire.fr\/actu\/wp-content\/uploads\/2024\/04\/couv-apercu-ALL-1536x1077.jpg 1536w, https:\/\/www.arbitraire.fr\/actu\/wp-content\/uploads\/2024\/04\/couv-apercu-ALL-1320x925.jpg 1320w, https:\/\/www.arbitraire.fr\/actu\/wp-content\/uploads\/2024\/04\/couv-apercu-ALL.jpg 1599w\" sizes=\"(max-width: 716px) 100vw, 716px\" \/><\/figure><\/div>\n\n\n<p>Un livre de Pierre Marty de grand format, intitul\u00e9 \u00ab\u00a0Fen\u00eatre Nord\u00a0\u00bb, est en pr\u00e9paration. Dans cet \u00e9tonnant r\u00e9cit muet retouch\u00e9 \u00e0 l&rsquo;infini, l&rsquo;auteur nous entraine dans un quotidien glissant, fait de vide, de r\u00e9p\u00e9tition et d&rsquo;angoisse.<\/p>\n<p>On vous joint un aper\u00e7u d&rsquo;une premi\u00e8re version de la couverture quelques images.<\/p>\n<p>Sortie pr\u00e9vue tout d\u00e9but juillet, gardez l&rsquo;\u0153il ouvert !<\/p>\n\n\n<div class=\"wp-block-image\">\n<figure class=\"aligncenter size-large is-resized\"><img decoding=\"async\" loading=\"lazy\" src=\"https:\/\/www.arbitraire.fr\/actu\/wp-content\/uploads\/2024\/04\/Pages-ALL-copie-2-1024x985.jpg\" alt=\"\" class=\"wp-image-2573\" width=\"620\" height=\"596\" srcset=\"https:\/\/www.arbitraire.fr\/actu\/wp-content\/uploads\/2024\/04\/Pages-ALL-copie-2-1024x985.jpg 1024w, https:\/\/www.arbitraire.fr\/actu\/wp-content\/uploads\/2024\/04\/Pages-ALL-copie-2-300x289.jpg 300w, https:\/\/www.arbitraire.fr\/actu\/wp-content\/uploads\/2024\/04\/Pages-ALL-copie-2-768x739.jpg 768w, https:\/\/www.arbitraire.fr\/actu\/wp-content\/uploads\/2024\/04\/Pages-ALL-copie-2-600x577.jpg 600w, https:\/\/www.arbitraire.fr\/actu\/wp-content\/uploads\/2024\/04\/Pages-ALL-copie-2-1536x1478.jpg 1536w, https:\/\/www.arbitraire.fr\/actu\/wp-content\/uploads\/2024\/04\/Pages-ALL-copie-2-2048x1970.jpg 2048w, https:\/\/www.arbitraire.fr\/actu\/wp-content\/uploads\/2024\/04\/Pages-ALL-copie-2-1320x1270.jpg 1320w\" sizes=\"(max-width: 620px) 100vw, 620px\" \/><\/figure><\/div>\n\n<div class=\"wp-block-image\">\n<figure class=\"aligncenter size-full\"><img decoding=\"async\" loading=\"lazy\" width=\"600\" height=\"31\" src=\"https:\/\/www.arbitraire.fr\/actu\/wp-content\/uploads\/2024\/04\/ligne-600x31-2.jpg\" alt=\"\" class=\"wp-image-2574\" srcset=\"https:\/\/www.arbitraire.fr\/actu\/wp-content\/uploads\/2024\/04\/ligne-600x31-2.jpg 600w, https:\/\/www.arbitraire.fr\/actu\/wp-content\/uploads\/2024\/04\/ligne-600x31-2-300x16.jpg 300w\" sizes=\"(max-width: 600px) 100vw, 600px\" \/><\/figure><\/div>\n\n\n\n<div class=\"wp-block-image\">\n<figure class=\"aligncenter size-full is-resized\"><img decoding=\"async\" loading=\"lazy\" src=\"https:\/\/www.arbitraire.fr\/actu\/wp-content\/uploads\/2024\/04\/NouveautesBD-5.jpg\" alt=\"\" class=\"wp-image-2575\" width=\"210\" height=\"75\" srcset=\"https:\/\/www.arbitraire.fr\/actu\/wp-content\/uploads\/2024\/04\/NouveautesBD-5.jpg 400w, https:\/\/www.arbitraire.fr\/actu\/wp-content\/uploads\/2024\/04\/NouveautesBD-5-300x107.jpg 300w\" sizes=\"(max-width: 210px) 100vw, 210px\" \/><\/figure><\/div>\n\n<div class=\"wp-block-image\">\n<figure class=\"aligncenter size-full is-resized\"><img decoding=\"async\" loading=\"lazy\" src=\"https:\/\/www.arbitraire.fr\/actu\/wp-content\/uploads\/2024\/04\/Etoile4BD-7.jpg\" alt=\"\" class=\"wp-image-2576\" width=\"62\" height=\"51\"\/><\/figure><\/div>\n\n\n\n<div class=\"wp-block-image\">\n<figure class=\"aligncenter size-large is-resized\"><img decoding=\"async\" loading=\"lazy\" src=\"https:\/\/www.arbitraire.fr\/actu\/wp-content\/uploads\/2024\/04\/Gwendoline-Desnoyers-Vibration-1-1024x819.jpg\" alt=\"\" class=\"wp-image-2577\" width=\"607\" height=\"485\" srcset=\"https:\/\/www.arbitraire.fr\/actu\/wp-content\/uploads\/2024\/04\/Gwendoline-Desnoyers-Vibration-1-1024x819.jpg 1024w, https:\/\/www.arbitraire.fr\/actu\/wp-content\/uploads\/2024\/04\/Gwendoline-Desnoyers-Vibration-1-300x240.jpg 300w, https:\/\/www.arbitraire.fr\/actu\/wp-content\/uploads\/2024\/04\/Gwendoline-Desnoyers-Vibration-1-768x615.jpg 768w, https:\/\/www.arbitraire.fr\/actu\/wp-content\/uploads\/2024\/04\/Gwendoline-Desnoyers-Vibration-1-600x480.jpg 600w, https:\/\/www.arbitraire.fr\/actu\/wp-content\/uploads\/2024\/04\/Gwendoline-Desnoyers-Vibration-1-1320x1056.jpg 1320w, https:\/\/www.arbitraire.fr\/actu\/wp-content\/uploads\/2024\/04\/Gwendoline-Desnoyers-Vibration-1.jpg 1417w\" sizes=\"(max-width: 607px) 100vw, 607px\" \/><\/figure><\/div>\n\n\n<p class=\"align-center\" style=\"text-align: center;\"><strong>Gwendoline Desnoyers<\/strong><br \/><strong>&#8211; Vibration &#8211;<\/strong><\/p>\n<p class=\"align-center\" style=\"text-align: center;\">s\u00e9rigraphie un passage de noir \u2013 num\u00e9rot\u00e9, 60 ex \u00e0 la vente<br \/>format 50 x 40 cm \u2013 25\u20ac + 5\u20ac de participation aux frais d&rsquo;envoi<\/p>\n<p class=\"align-center\" style=\"text-align: center;\">Dessin tir\u00e9 du livre \u00ab\u00a0<a href=\"https:\/\/www.arbitraire.fr\/livres_Uneviederegrets.php\">Une Vie de Regrets<\/a>\u00a0\u00bb<br \/>de Gwendoline Desnoyers paru fin 2023.<\/p>\n<p class=\"align-center\" style=\"text-align: center;\"><a href=\"https:\/\/www.arbitraire.fr\/affiches_desnoyers_vibration.php\">\u00c0 commander ici<\/a>\u00a0!<\/p>\n\n\n<div class=\"wp-block-image\">\n<figure class=\"aligncenter size-large is-resized\"><img decoding=\"async\" loading=\"lazy\" src=\"https:\/\/www.arbitraire.fr\/actu\/wp-content\/uploads\/2024\/04\/Gwendoline-Desnoyers-Ecrasement-1-819x1024.jpg\" alt=\"\" class=\"wp-image-2578\" width=\"500\" height=\"625\" srcset=\"https:\/\/www.arbitraire.fr\/actu\/wp-content\/uploads\/2024\/04\/Gwendoline-Desnoyers-Ecrasement-1-819x1024.jpg 819w, https:\/\/www.arbitraire.fr\/actu\/wp-content\/uploads\/2024\/04\/Gwendoline-Desnoyers-Ecrasement-1-240x300.jpg 240w, https:\/\/www.arbitraire.fr\/actu\/wp-content\/uploads\/2024\/04\/Gwendoline-Desnoyers-Ecrasement-1-768x960.jpg 768w, https:\/\/www.arbitraire.fr\/actu\/wp-content\/uploads\/2024\/04\/Gwendoline-Desnoyers-Ecrasement-1-600x750.jpg 600w, https:\/\/www.arbitraire.fr\/actu\/wp-content\/uploads\/2024\/04\/Gwendoline-Desnoyers-Ecrasement-1.jpg 1134w\" sizes=\"(max-width: 500px) 100vw, 500px\" \/><\/figure><\/div>\n\n\n<p class=\"align-center\" style=\"text-align: center;\"><strong>Gwendoline Desnoyers<\/strong><br \/><strong>&#8211; \u00c9crasement &#8211;<\/strong><\/p>\n<p class=\"align-center\" style=\"text-align: center;\">s\u00e9rigraphie un passage de noir \u2013 num\u00e9rot\u00e9, 60 ex \u00e0 la vente<br \/>format 40 x 50 cm \u2013 25\u20ac + 5\u20ac de\u00a0participation aux frais d&rsquo;envoi<\/p>\n<p class=\"align-center\" style=\"text-align: center;\">Dessin tir\u00e9 du livre \u00ab\u00a0<a href=\"https:\/\/www.arbitraire.fr\/livres_Uneviederegrets.php\">Une Vie de Regrets<\/a>\u00a0\u00bb<br \/>de Gwendoline Desnoyers paru fin 2023.<\/p>\n<p class=\"align-center\" style=\"text-align: center;\"><a href=\"https:\/\/www.arbitraire.fr\/affiches_desnoyers_ecrasement.php\">\u00c0 commander ici<\/a>\u00a0!<\/p>\n\n\n\n\n<div class=\"wp-block-image\">\n<figure class=\"aligncenter size-full is-resized\"><img decoding=\"async\" loading=\"lazy\" src=\"https:\/\/www.arbitraire.fr\/actu\/wp-content\/uploads\/2024\/04\/Etoile3BD-5.jpg\" alt=\"\" class=\"wp-image-2579\" width=\"71\" height=\"67\"\/><\/figure><\/div>\n\n\n\n\n<figure class=\"wp-block-image size-large\"><img decoding=\"async\" loading=\"lazy\" width=\"1024\" height=\"541\" src=\"https:\/\/www.arbitraire.fr\/actu\/wp-content\/uploads\/2024\/04\/Julie-Doucet-Diptyque-te-une-tite-merveille-1-1024x541.jpg\" alt=\"\" class=\"wp-image-2580\" srcset=\"https:\/\/www.arbitraire.fr\/actu\/wp-content\/uploads\/2024\/04\/Julie-Doucet-Diptyque-te-une-tite-merveille-1-1024x541.jpg 1024w, https:\/\/www.arbitraire.fr\/actu\/wp-content\/uploads\/2024\/04\/Julie-Doucet-Diptyque-te-une-tite-merveille-1-300x159.jpg 300w, https:\/\/www.arbitraire.fr\/actu\/wp-content\/uploads\/2024\/04\/Julie-Doucet-Diptyque-te-une-tite-merveille-1-768x406.jpg 768w, https:\/\/www.arbitraire.fr\/actu\/wp-content\/uploads\/2024\/04\/Julie-Doucet-Diptyque-te-une-tite-merveille-1-600x317.jpg 600w, https:\/\/www.arbitraire.fr\/actu\/wp-content\/uploads\/2024\/04\/Julie-Doucet-Diptyque-te-une-tite-merveille-1-1320x698.jpg 1320w, https:\/\/www.arbitraire.fr\/actu\/wp-content\/uploads\/2024\/04\/Julie-Doucet-Diptyque-te-une-tite-merveille-1.jpg 1500w\" sizes=\"(max-width: 1024px) 100vw, 1024px\" \/><\/figure>\n\n\n\n<p class=\"align-center\" style=\"text-align: center;\"><strong>Julie Doucet<\/strong><br \/><strong>&#8211; Diptyque : T\u00e9 une tite merveille &#8211;<\/strong><\/p>\n<p class=\"align-center\" style=\"text-align: center;\">S\u00e9rigraphie deux passages\u00a0<br \/>diptyque num\u00e9rot\u00e9 et sign\u00e9 sur une des deux affiches<br \/>100 ex \u00e0 la vente dont 50 par Arbitraire<br \/>format 25 x 25 cm chaque \u2013 50\u20ac + 5\u20ac de participation aux frais d&rsquo;envoi<\/p>\n<p class=\"align-center\" style=\"text-align: center;\">Collages issus de \u00ab\u00a0<a href=\"https:\/\/www.arbitraire.fr\/zines_Timidite_vaincue.php\">La Timidit\u00e9 Vaincue<\/a>\u00a0\u00bb de Julie Doucet,<br \/>petit livre enti\u00e8rement s\u00e9rigraphi\u00e9 que nous avons sorti en janvier 2023.<\/p>\n<p class=\"align-center\" style=\"text-align: center;\"><a href=\"https:\/\/www.arbitraire.fr\/affiches_juliedoucet.php\">\u00c0 commander ici<\/a>\u00a0!<\/p>\n\n\n<div class=\"wp-block-image\">\n<figure class=\"aligncenter size-full\"><img decoding=\"async\" loading=\"lazy\" width=\"600\" height=\"31\" src=\"https:\/\/www.arbitraire.fr\/actu\/wp-content\/uploads\/2024\/04\/ligne-600x31-3.jpg\" alt=\"\" class=\"wp-image-2581\" srcset=\"https:\/\/www.arbitraire.fr\/actu\/wp-content\/uploads\/2024\/04\/ligne-600x31-3.jpg 600w, https:\/\/www.arbitraire.fr\/actu\/wp-content\/uploads\/2024\/04\/ligne-600x31-3-300x16.jpg 300w\" sizes=\"(max-width: 600px) 100vw, 600px\" \/><\/figure><\/div>\n\n<div class=\"wp-block-image\">\n<figure class=\"aligncenter size-full\"><img decoding=\"async\" loading=\"lazy\" width=\"300\" height=\"141\" src=\"https:\/\/www.arbitraire.fr\/actu\/wp-content\/uploads\/2024\/04\/ChronogeoBD-triangle-3-300x141-1.jpg\" alt=\"\" class=\"wp-image-2582\"\/><\/figure><\/div>\n\n\n\n<div class=\"wp-block-image\">\n<figure class=\"aligncenter size-full is-resized\"><img decoding=\"async\" loading=\"lazy\" src=\"https:\/\/www.arbitraire.fr\/actu\/wp-content\/uploads\/2024\/04\/Capture-decran-2024-04-16-a-14.10.01.png\" alt=\"\" class=\"wp-image-2583\" width=\"461\" height=\"461\" srcset=\"https:\/\/www.arbitraire.fr\/actu\/wp-content\/uploads\/2024\/04\/Capture-decran-2024-04-16-a-14.10.01.png 711w, https:\/\/www.arbitraire.fr\/actu\/wp-content\/uploads\/2024\/04\/Capture-decran-2024-04-16-a-14.10.01-300x300.png 300w, https:\/\/www.arbitraire.fr\/actu\/wp-content\/uploads\/2024\/04\/Capture-decran-2024-04-16-a-14.10.01-150x150.png 150w, https:\/\/www.arbitraire.fr\/actu\/wp-content\/uploads\/2024\/04\/Capture-decran-2024-04-16-a-14.10.01-600x600.png 600w\" sizes=\"(max-width: 461px) 100vw, 461px\" \/><\/figure><\/div>\n\n\n<p class=\"align-center\" style=\"text-align: center;\"><span style=\"color: #ff6600;\"><strong>Retrouvez Renaud et Lucas Ferrero derri\u00e8re le stand Arbitraire<\/strong><\/span><br \/><span style=\"color: #ff6600;\"><strong>pour une nouvelle \u00e9dition de Central Vapeur !<\/strong><\/span><br \/>On \u00e9tait pas venu.es depuis fort longtemps, on est ravie.s<br \/>de venir pr\u00e9senter le livre de Gwendoline Desnoyers<br \/>l\u00e0 o\u00f9 elle fit ses \u00e9tudes.<br \/><br \/>Tout le programme est l\u00e0 :\u00a0<br \/><a href=\"https:\/\/centralvapeur.org\/festival\/\">https:\/\/centralvapeur.org\/festival\/<\/a><\/p>\n<p class=\"align-center\" style=\"text-align: center;\"><span style=\"color: #ff6600;\"><strong>Rendez-vous au Garage Coop !<\/strong><\/span><br \/><span style=\"color: #ff6600;\"><strong>2 Rue de la Coop\u00e9rative, 67000 Strasbourg<\/strong><\/span><\/p>\n\n\n<div class=\"wp-block-image\">\n<figure class=\"aligncenter size-large is-resized\"><img decoding=\"async\" loading=\"lazy\" src=\"https:\/\/www.arbitraire.fr\/actu\/wp-content\/uploads\/2024\/04\/CV14-web-1-724x1024.jpg\" alt=\"\" class=\"wp-image-2584\" width=\"460\" height=\"650\" srcset=\"https:\/\/www.arbitraire.fr\/actu\/wp-content\/uploads\/2024\/04\/CV14-web-1-724x1024.jpg 724w, https:\/\/www.arbitraire.fr\/actu\/wp-content\/uploads\/2024\/04\/CV14-web-1-212x300.jpg 212w, https:\/\/www.arbitraire.fr\/actu\/wp-content\/uploads\/2024\/04\/CV14-web-1-768x1086.jpg 768w, https:\/\/www.arbitraire.fr\/actu\/wp-content\/uploads\/2024\/04\/CV14-web-1-600x848.jpg 600w, https:\/\/www.arbitraire.fr\/actu\/wp-content\/uploads\/2024\/04\/CV14-web-1-1086x1536.jpg 1086w, https:\/\/www.arbitraire.fr\/actu\/wp-content\/uploads\/2024\/04\/CV14-web-1.jpg 1123w\" sizes=\"(max-width: 460px) 100vw, 460px\" \/><\/figure><\/div>\n\n<div class=\"wp-block-image\">\n<figure class=\"aligncenter size-full is-resized\"><img decoding=\"async\" loading=\"lazy\" src=\"https:\/\/www.arbitraire.fr\/actu\/wp-content\/uploads\/2024\/04\/z3-7-1.jpg\" alt=\"\" class=\"wp-image-2586\" width=\"78\" height=\"78\" srcset=\"https:\/\/www.arbitraire.fr\/actu\/wp-content\/uploads\/2024\/04\/z3-7-1.jpg 280w, https:\/\/www.arbitraire.fr\/actu\/wp-content\/uploads\/2024\/04\/z3-7-1-150x150.jpg 150w\" sizes=\"(max-width: 78px) 100vw, 78px\" \/><\/figure><\/div>","protected":false},"excerpt":{"rendered":"<p>Ce mois-ci on se pr\u00e9pare pour\u00a0Central Vapeur\u00a0qui aura lieule premier week-end de mai \u00e0 Strasbourg. On emm\u00e8nera nos nouvelles affichesde\u00a0Julie Doucet\u00a0et\u00a0Gwendoline Desnoyers, que vouspouvez d&rsquo;ores-et-d\u00e9j\u00e0 retrouver en vente sur notre site. Et aussi, on pr\u00e9pare l&rsquo;avenir, avec un livrede\u00a0Pierre Marty\u00a0\u00e0 &hellip; <a href=\"https:\/\/www.arbitraire.fr\/actu\/2024\/04\/les-nouvelles-arbitraire-avril-2024\/\">Continuer la lecture <span class=\"meta-nav\">&rarr;<\/span><\/a><\/p>\n","protected":false},"author":1,"featured_media":0,"comment_status":"closed","ping_status":"open","sticky":false,"template":"","format":"standard","meta":[],"categories":[9,8,4],"tags":[16,294,248,281,285,293],"_links":{"self":[{"href":"https:\/\/www.arbitraire.fr\/actu\/wp-json\/wp\/v2\/posts\/2567"}],"collection":[{"href":"https:\/\/www.arbitraire.fr\/actu\/wp-json\/wp\/v2\/posts"}],"about":[{"href":"https:\/\/www.arbitraire.fr\/actu\/wp-json\/wp\/v2\/types\/post"}],"author":[{"embeddable":true,"href":"https:\/\/www.arbitraire.fr\/actu\/wp-json\/wp\/v2\/users\/1"}],"replies":[{"embeddable":true,"href":"https:\/\/www.arbitraire.fr\/actu\/wp-json\/wp\/v2\/comments?post=2567"}],"version-history":[{"count":11,"href":"https:\/\/www.arbitraire.fr\/actu\/wp-json\/wp\/v2\/posts\/2567\/revisions"}],"predecessor-version":[{"id":2597,"href":"https:\/\/www.arbitraire.fr\/actu\/wp-json\/wp\/v2\/posts\/2567\/revisions\/2597"}],"wp:attachment":[{"href":"https:\/\/www.arbitraire.fr\/actu\/wp-json\/wp\/v2\/media?parent=2567"}],"wp:term":[{"taxonomy":"category","embeddable":true,"href":"https:\/\/www.arbitraire.fr\/actu\/wp-json\/wp\/v2\/categories?post=2567"},{"taxonomy":"post_tag","embeddable":true,"href":"https:\/\/www.arbitraire.fr\/actu\/wp-json\/wp\/v2\/tags?post=2567"}],"curies":[{"name":"wp","href":"https:\/\/api.w.org\/{rel}","templated":true}]}}