{"id":2535,"date":"2024-01-18T12:58:29","date_gmt":"2024-01-18T11:58:29","guid":{"rendered":"https:\/\/www.arbitraire.fr\/actu\/?p=2535"},"modified":"2024-01-18T12:58:29","modified_gmt":"2024-01-18T11:58:29","slug":"les-nouvelles-arbitraire-janvier-2024","status":"publish","type":"post","link":"https:\/\/www.arbitraire.fr\/actu\/2024\/01\/les-nouvelles-arbitraire-janvier-2024\/","title":{"rendered":"[Les Nouvelles] Arbitraire &#8211; Janvier 2024"},"content":{"rendered":"\n<p style=\"text-align: center;\"><img decoding=\"async\" loading=\"lazy\" class=\"aligncenter  wp-image-2498\" src=\"http:\/\/www.arbitraire.fr\/actu\/wp-content\/uploads\/2023\/10\/TitreNewsNouvellesArbiBD-600x238-1.jpg\" alt=\"\" width=\"426\" height=\"169\" srcset=\"https:\/\/www.arbitraire.fr\/actu\/wp-content\/uploads\/2023\/10\/TitreNewsNouvellesArbiBD-600x238-1.jpg 600w, https:\/\/www.arbitraire.fr\/actu\/wp-content\/uploads\/2023\/10\/TitreNewsNouvellesArbiBD-600x238-1-300x119.jpg 300w\" sizes=\"(max-width: 426px) 100vw, 426px\" \/><br \/>Comme chaque ann\u00e9e &#8211; en plus de vous en f\u00eater une bonne &#8211; on se pr\u00e9pare doucement pour la transhumance qui nous am\u00e8nera au<br \/><a href=\"https:\/\/www.bdangouleme.com\/\">Festival International de la Bande Dessin\u00e9e d&rsquo;Angoul\u00eame<\/a>, le dernier week-end de janvier ! <br \/>On se permet de vous dire que <a href=\"https:\/\/www.arbitraire.fr\/livres_Uneviederegrets.php\">\u00ab\u00a0Une vie de regrets\u00a0\u00bb<\/a>,<br \/>de Gwendoline Desnoyers est toujours dispo en librairie et sur notre site, et que des projets d&rsquo;expositions se profilent&#8230;<br \/>On vous en dira plus bient\u00f4t ! \u00c0 vite ? <img decoding=\"async\" loading=\"lazy\" class=\"aligncenter size-full wp-image-2499\" src=\"http:\/\/www.arbitraire.fr\/actu\/wp-content\/uploads\/2023\/10\/ligne-600x31-1.jpg\" alt=\"\" width=\"600\" height=\"31\" srcset=\"https:\/\/www.arbitraire.fr\/actu\/wp-content\/uploads\/2023\/10\/ligne-600x31-1.jpg 600w, https:\/\/www.arbitraire.fr\/actu\/wp-content\/uploads\/2023\/10\/ligne-600x31-1-300x16.jpg 300w\" sizes=\"(max-width: 600px) 100vw, 600px\" \/> <img decoding=\"async\" loading=\"lazy\" class=\"aligncenter  wp-image-2528\" src=\"http:\/\/www.arbitraire.fr\/actu\/wp-content\/uploads\/2013\/10\/NouveautesBD-3.jpg\" alt=\"\" width=\"184\" height=\"66\" srcset=\"https:\/\/www.arbitraire.fr\/actu\/wp-content\/uploads\/2013\/10\/NouveautesBD-3.jpg 400w, https:\/\/www.arbitraire.fr\/actu\/wp-content\/uploads\/2013\/10\/NouveautesBD-3-300x107.jpg 300w\" sizes=\"(max-width: 184px) 100vw, 184px\" \/><br \/><strong>Lors du\u00a0<a href=\"https:\/\/www.bdangouleme.com\/\">Festival International de la Bande Dessin\u00e9e d&rsquo;Angoul\u00eame<\/a>\u00a0<br \/>(25 au 28 janvier), vous pourrez d\u00e9couvrir <br \/>4 nouvelles s\u00e9rigraphies imprim\u00e9es par Renaud Thomas pour f\u00eater<br \/>de nouveau\u00a0<a href=\"https:\/\/www.arbitraire.fr\/zines_Timidite_vaincue.php\">Julie Doucet<\/a>\u00a0et<a href=\"https:\/\/www.arbitraire.fr\/livres_Uneviederegrets.php\">\u00a0Gwendoline Desnoyers<\/a>.\u00a0<br \/>Dispos sur les stands Arbitraire et peut-\u00eatre \u00e0 la commande ensuite&#8230;<\/strong><\/p>\n<p><img decoding=\"async\" loading=\"lazy\" class=\"aligncenter size-full wp-image-2531\" src=\"http:\/\/www.arbitraire.fr\/actu\/wp-content\/uploads\/2013\/10\/Julie-Doucet-Diptyque-te-une-tite-merveille.jpg\" alt=\"\" width=\"1500\" height=\"793\" srcset=\"https:\/\/www.arbitraire.fr\/actu\/wp-content\/uploads\/2013\/10\/Julie-Doucet-Diptyque-te-une-tite-merveille.jpg 1500w, https:\/\/www.arbitraire.fr\/actu\/wp-content\/uploads\/2013\/10\/Julie-Doucet-Diptyque-te-une-tite-merveille-300x159.jpg 300w, https:\/\/www.arbitraire.fr\/actu\/wp-content\/uploads\/2013\/10\/Julie-Doucet-Diptyque-te-une-tite-merveille-1024x541.jpg 1024w, https:\/\/www.arbitraire.fr\/actu\/wp-content\/uploads\/2013\/10\/Julie-Doucet-Diptyque-te-une-tite-merveille-768x406.jpg 768w, https:\/\/www.arbitraire.fr\/actu\/wp-content\/uploads\/2013\/10\/Julie-Doucet-Diptyque-te-une-tite-merveille-600x317.jpg 600w, https:\/\/www.arbitraire.fr\/actu\/wp-content\/uploads\/2013\/10\/Julie-Doucet-Diptyque-te-une-tite-merveille-1320x698.jpg 1320w\" sizes=\"(max-width: 1500px) 100vw, 1500px\" \/><\/p>\n<p>\u00a0<\/p>\n<p>L&rsquo;ann\u00e9e derni\u00e8re nous sortions \u00ab\u00a0<a href=\"https:\/\/www.arbitraire.fr\/zines_Timidite_vaincue.php\">La Timidit\u00e9 Vaincue<\/a>\u00a0\u00bb de Julie Doucet, petit livre enti\u00e8rement s\u00e9rigraphi\u00e9. Un diptyque d&rsquo;affiches elles-aussi s\u00e9rigraphi\u00e9es devait \u00eatre disponible \u00e9galement mais leur signature ayant \u00e9t\u00e9 retard\u00e9e, les voici enfin.<\/p>\n<p>Diptyque num\u00e9rot\u00e9 sign\u00e9 &#8211; deux passages &#8211; format 25 x 25 cm &#8211; 50\u20ac<\/p>\n<p>\u00a0<\/p>\n<p><img decoding=\"async\" loading=\"lazy\" class=\"size-full wp-image-2533 alignnone\" src=\"http:\/\/www.arbitraire.fr\/actu\/wp-content\/uploads\/2013\/10\/Gwendoline-Desnoyers-totserico-scaled.jpg\" alt=\"\" width=\"2560\" height=\"1376\" srcset=\"https:\/\/www.arbitraire.fr\/actu\/wp-content\/uploads\/2013\/10\/Gwendoline-Desnoyers-totserico-scaled.jpg 2560w, https:\/\/www.arbitraire.fr\/actu\/wp-content\/uploads\/2013\/10\/Gwendoline-Desnoyers-totserico-300x161.jpg 300w, https:\/\/www.arbitraire.fr\/actu\/wp-content\/uploads\/2013\/10\/Gwendoline-Desnoyers-totserico-1024x550.jpg 1024w, https:\/\/www.arbitraire.fr\/actu\/wp-content\/uploads\/2013\/10\/Gwendoline-Desnoyers-totserico-768x413.jpg 768w, https:\/\/www.arbitraire.fr\/actu\/wp-content\/uploads\/2013\/10\/Gwendoline-Desnoyers-totserico-600x323.jpg 600w, https:\/\/www.arbitraire.fr\/actu\/wp-content\/uploads\/2013\/10\/Gwendoline-Desnoyers-totserico-1536x826.jpg 1536w, https:\/\/www.arbitraire.fr\/actu\/wp-content\/uploads\/2013\/10\/Gwendoline-Desnoyers-totserico-2048x1101.jpg 2048w, https:\/\/www.arbitraire.fr\/actu\/wp-content\/uploads\/2013\/10\/Gwendoline-Desnoyers-totserico-1320x710.jpg 1320w\" sizes=\"(max-width: 2560px) 100vw, 2560px\" \/><\/p>\n<p>\u00a0<\/p>\n<p>Deux dessins tir\u00e9s du livre \u00ab\u00a0<a href=\"https:\/\/www.arbitraire.fr\/livres_Uneviederegrets.php\">Une Vie de Regrets<\/a>\u00a0\u00bb de Gwendoline Desnoyers feront l&rsquo;objet d&rsquo;une impression en s\u00e9rigraphie, effectu\u00e9 par nos soins \u00e0 l&rsquo;<a href=\"https:\/\/atelierlebouc.bigcartel.com\/\">atelier Le Bouc<\/a>, \u00e0 Angoul\u00eame.<\/p>\n<p>Un passage de noir &#8211; format 40 x 50 cm (une \u00e0 l&rsquo;horizontale, l&rsquo;autre \u00e0 la verticale) &#8211; 25\u20ac chaque<\/p>\n<p>\u00a0<\/p>\n<p><img decoding=\"async\" loading=\"lazy\" class=\"aligncenter size-full wp-image-2506\" src=\"http:\/\/www.arbitraire.fr\/actu\/wp-content\/uploads\/2023\/10\/ligne-600x31-2.jpg\" alt=\"\" width=\"600\" height=\"31\" srcset=\"https:\/\/www.arbitraire.fr\/actu\/wp-content\/uploads\/2023\/10\/ligne-600x31-2.jpg 600w, https:\/\/www.arbitraire.fr\/actu\/wp-content\/uploads\/2023\/10\/ligne-600x31-2-300x16.jpg 300w\" sizes=\"(max-width: 600px) 100vw, 600px\" \/><\/p>\n<p><img decoding=\"async\" loading=\"lazy\" class=\"aligncenter  wp-image-2500\" src=\"http:\/\/www.arbitraire.fr\/actu\/wp-content\/uploads\/2023\/10\/Titraille-Gwendo-Makassar-2-scaled-1.jpeg\" alt=\"\" width=\"272\" height=\"202\" srcset=\"https:\/\/www.arbitraire.fr\/actu\/wp-content\/uploads\/2023\/10\/Titraille-Gwendo-Makassar-2-scaled-1.jpeg 2560w, https:\/\/www.arbitraire.fr\/actu\/wp-content\/uploads\/2023\/10\/Titraille-Gwendo-Makassar-2-scaled-1-300x222.jpeg 300w, https:\/\/www.arbitraire.fr\/actu\/wp-content\/uploads\/2023\/10\/Titraille-Gwendo-Makassar-2-scaled-1-1024x759.jpeg 1024w, https:\/\/www.arbitraire.fr\/actu\/wp-content\/uploads\/2023\/10\/Titraille-Gwendo-Makassar-2-scaled-1-768x569.jpeg 768w, https:\/\/www.arbitraire.fr\/actu\/wp-content\/uploads\/2023\/10\/Titraille-Gwendo-Makassar-2-scaled-1-600x445.jpeg 600w, https:\/\/www.arbitraire.fr\/actu\/wp-content\/uploads\/2023\/10\/Titraille-Gwendo-Makassar-2-scaled-1-1536x1138.jpeg 1536w, https:\/\/www.arbitraire.fr\/actu\/wp-content\/uploads\/2023\/10\/Titraille-Gwendo-Makassar-2-scaled-1-2048x1518.jpeg 2048w, https:\/\/www.arbitraire.fr\/actu\/wp-content\/uploads\/2023\/10\/Titraille-Gwendo-Makassar-2-scaled-1-1320x978.jpeg 1320w\" sizes=\"(max-width: 272px) 100vw, 272px\" \/> <img decoding=\"async\" loading=\"lazy\" class=\"aligncenter  wp-image-2501\" src=\"http:\/\/www.arbitraire.fr\/actu\/wp-content\/uploads\/2023\/10\/Etoile2BD-5.jpg\" alt=\"\" width=\"53\" height=\"55\" \/><\/p>\n<p class=\"align-center\" style=\"text-align: center;\"><span style=\"color: #000080;\"><strong>Paru le 17 novembre 2023<\/strong><\/span><\/p>\n<p class=\"p2 align-center\" style=\"text-align: center;\"><span class=\"s2\"><strong>\u00a0<\/strong><\/span><span class=\"s3\">22 cm x 24 cm &#8211; 224 pages &#8211; 30 \u20ac<br \/>Impression int\u00e9rieure couleur<span class=\"Apple-converted-space\">\u00a0<br \/><\/span><\/span><span class=\"s3\">Couverture toil\u00e9e avec dorure \u00e0 chaud<\/span><\/p>\n<p class=\"p3 align-center\" style=\"text-align: center;\"><span class=\"s3\" style=\"color: #000080;\"><strong>Livret \u00e0 part 16 pages &#8211; 11 cm x 14 cm &#8211; quadrichromie<br \/><\/strong><\/span><span class=\"s4\"><strong><span style=\"color: #000080;\">Collection<\/span><span class=\"Apple-converted-space\"><span style=\"color: #000080;\">\u00a0\u00c9toile<\/span><br \/><br \/><\/span><\/strong><span class=\"Apple-converted-space\">&#8211; Disponible sur notre site\u00a0<\/span><span class=\"Apple-converted-space\"><a href=\"http:\/\/www.arbitraire.fr\/livres_Uneviederegrets.php\">ici<\/a>\u00a0&#8211;<\/span><\/span><\/p>\n<p>\u00a0<\/p>\n<p><a href=\"https:\/\/www.arbitraire.fr\/livres_Uneviederegrets.php\"><img decoding=\"async\" loading=\"lazy\" class=\"aligncenter size-full wp-image-2502\" src=\"http:\/\/www.arbitraire.fr\/actu\/wp-content\/uploads\/2023\/10\/TestAllapplati-2-scaled-1.jpeg\" alt=\"\" width=\"1285\" height=\"2560\" srcset=\"https:\/\/www.arbitraire.fr\/actu\/wp-content\/uploads\/2023\/10\/TestAllapplati-2-scaled-1.jpeg 1285w, https:\/\/www.arbitraire.fr\/actu\/wp-content\/uploads\/2023\/10\/TestAllapplati-2-scaled-1-151x300.jpeg 151w, https:\/\/www.arbitraire.fr\/actu\/wp-content\/uploads\/2023\/10\/TestAllapplati-2-scaled-1-514x1024.jpeg 514w, https:\/\/www.arbitraire.fr\/actu\/wp-content\/uploads\/2023\/10\/TestAllapplati-2-scaled-1-768x1530.jpeg 768w, https:\/\/www.arbitraire.fr\/actu\/wp-content\/uploads\/2023\/10\/TestAllapplati-2-scaled-1-600x1195.jpeg 600w, https:\/\/www.arbitraire.fr\/actu\/wp-content\/uploads\/2023\/10\/TestAllapplati-2-scaled-1-771x1536.jpeg 771w, https:\/\/www.arbitraire.fr\/actu\/wp-content\/uploads\/2023\/10\/TestAllapplati-2-scaled-1-1028x2048.jpeg 1028w\" sizes=\"(max-width: 1285px) 100vw, 1285px\" \/><\/a><\/p>\n<p>\u00a0<\/p>\n<p><img decoding=\"async\" loading=\"lazy\" class=\"aligncenter  wp-image-2503\" src=\"http:\/\/www.arbitraire.fr\/actu\/wp-content\/uploads\/2023\/10\/Lelivre-copie-5.jpg\" alt=\"\" width=\"160\" height=\"55\" \/><\/p>\n<p><em>Une vie de regrets <\/em>regroupe une multitude d\u2019oeuvres dessin\u00e9es par Gwendoline Desnoyers,<br \/>pour une monographie faisant oublier que l\u2019artiste, loin d\u2019avoir \u00e9t\u00e9 mus\u00e9ifi\u00e9e, approchait \u00e0 peine la trentaine lors de la conception du livre.<\/p>\n<p class=\"p2\">Les techniques sont tr\u00e8s vari\u00e9es : pastel, encre, eau-forte, monotype, peinture \u00e0 l\u2019huile, peinture sur soie, techniques mixtes&#8230; Elle s\u2019essayait aussi aux bijoux, aux mobiles, et avait invent\u00e9 une technique \u00e0 base de papiers blancs d\u00e9coup\u00e9s et superpos\u00e9s, gr\u00e2ce \u00e0 laquelle le dessin se<br \/>r\u00e9v\u00e9lait par transparence, \u00e0 la lumi\u00e8re.<\/p>\n<p class=\"p2\">Les th\u00e8mes, eux, sont assez r\u00e9currents : individus solitaires, membres \u00e9gar\u00e9s, masques, catholicisme, v\u00e9g\u00e9tation luxuriante, animaux errants&#8230; Dot\u00e9e d\u2019une forte charge \u00e9motionnelle et po\u00e9tique, l\u2019oeuvre de Gwendoline Desnoyers ressemble \u00e0 sa cr\u00e9atrice et oscille entre tendresse et violence. Les reproductions de ses oeuvres sont ici accompagn\u00e9es d\u2019une s\u00e9lection de po\u00e8mes, ainsi que de textes des \u00e9diteur\u00b7rices contextualisant leur rapport \u00e0 l\u2019auteure, aujourd\u2019hui d\u00e9c\u00e9d\u00e9e, et \u00e0 son oeuvre, toujours aussi vivace.<\/p>\n<p class=\"p3 align-right\" style=\"text-align: right;\"><em>\u00ab Il y a une symbolique toute personnelle que l\u2019on peut accoler \u00e0 celle des r\u00eaves, mais alors des r\u00eaves que plus personne ne fait, comme des r\u00e9miniscences de souvenirs que l\u2019on n\u2019aurait pas v\u00e9cus. Une m\u00e9moire gigogne et fant\u00f4me qui irrigue les synapses d\u2019un cerveau bourdonnant comme mille abeilles un soir d\u2019orage. D\u2019o\u00f9 le gris, peut-\u00eatre, qui n\u2019est pas tout \u00e0 fait la lumi\u00e8re ni l\u2019obscurit\u00e9, mais qui, comme entre chiennes et louves, dit un temps incertain pr\u00eat \u00e0 s\u2019\u00e9teindre ou \u00e0 se consumer. Alors on se demande si c\u2019est bien d\u2019une vie de regrets dont on parle, ou du regret de vivre loin de ce monde-l\u00e0, o\u00f9 tout parait encore probable, pas tout \u00e0 fait commenc\u00e9 et pas pr\u00eat de finir. Et puis on y pisse beaucoup.\u00bb<span class=\"Apple-converted-space\">\u00a0<br \/><\/span><\/em>Thomas Bernard<\/p>\n<p><img decoding=\"async\" loading=\"lazy\" class=\"aligncenter  wp-image-2504\" src=\"http:\/\/www.arbitraire.fr\/actu\/wp-content\/uploads\/2023\/10\/autrice-2.jpg\" alt=\"\" width=\"169\" height=\"66\" \/><\/p>\n<p class=\"p1\">Quand elle le racontait, le parcours de Gwendoline Desnoyers masquait sa complexit\u00e9 derri\u00e8re sa<br \/>lin\u00e9arit\u00e9 :\u00ab Deux ans aux Arts D\u00e9coratifs de Strasbourg, deux ans \u00e0 ceux de Paris et six ans \u00e0 Sainte-Anne \u00bb. Entre la fin avort\u00e9e de ses \u00e9tudes et la fin pr\u00e9cipit\u00e9e de sa vie, elle a produit de nombreux dessins, gravures et tableaux m\u00ealant symbolisme et mysticisme avec gravit\u00e9, humour et m\u00e9lancolie.<\/p>\n<p class=\"p1\">Ceux-ci se sont parfois retrouv\u00e9s publi\u00e9s dans diverses revues, via des collectifs ou dans des fanzines tels que Super-Structure ou la Tranch\u00e9e Racine dirig\u00e9e par Blanquet, et dans de petits livres monographiques chez Re:Surgo, Crocuta Crocuta&#8230;<\/p>\n<p class=\"p2\">Elle se faisait remarquer sur les r\u00e9seaux sociaux qu\u2019elle abreuvait par vagues al\u00e9atoires de son oeuvre dessin\u00e9e, mais aussi de ses po\u00e8mes transcendant la r\u00e9alit\u00e9 ou, au contraire, la d\u00e9voilant dans sa v\u00e9rit\u00e9 la plus crue.<\/p>\n<p><br \/><a href=\"https:\/\/www.arbitraire.fr\/livres_Uneviederegrets.php\"><img decoding=\"async\" loading=\"lazy\" class=\"aligncenter size-full wp-image-2505\" src=\"http:\/\/www.arbitraire.fr\/actu\/wp-content\/uploads\/2023\/10\/02-4-600x400-1.jpg\" alt=\"\" width=\"600\" height=\"400\" srcset=\"https:\/\/www.arbitraire.fr\/actu\/wp-content\/uploads\/2023\/10\/02-4-600x400-1.jpg 600w, https:\/\/www.arbitraire.fr\/actu\/wp-content\/uploads\/2023\/10\/02-4-600x400-1-300x200.jpg 300w\" sizes=\"(max-width: 600px) 100vw, 600px\" \/><\/a><\/p>\n<p><img decoding=\"async\" loading=\"lazy\" class=\"aligncenter size-full wp-image-2506\" src=\"http:\/\/www.arbitraire.fr\/actu\/wp-content\/uploads\/2023\/10\/ligne-600x31-2.jpg\" alt=\"\" width=\"600\" height=\"31\" srcset=\"https:\/\/www.arbitraire.fr\/actu\/wp-content\/uploads\/2023\/10\/ligne-600x31-2.jpg 600w, https:\/\/www.arbitraire.fr\/actu\/wp-content\/uploads\/2023\/10\/ligne-600x31-2-300x16.jpg 300w\" sizes=\"(max-width: 600px) 100vw, 600px\" \/> <img decoding=\"async\" loading=\"lazy\" class=\"aligncenter  wp-image-2507\" src=\"http:\/\/www.arbitraire.fr\/actu\/wp-content\/uploads\/2023\/10\/ChronogeoBD-triangle-3.jpg\" alt=\"\" width=\"327\" height=\"154\" srcset=\"https:\/\/www.arbitraire.fr\/actu\/wp-content\/uploads\/2023\/10\/ChronogeoBD-triangle-3.jpg 628w, https:\/\/www.arbitraire.fr\/actu\/wp-content\/uploads\/2023\/10\/ChronogeoBD-triangle-3-300x141.jpg 300w, https:\/\/www.arbitraire.fr\/actu\/wp-content\/uploads\/2023\/10\/ChronogeoBD-triangle-3-600x283.jpg 600w\" sizes=\"(max-width: 327px) 100vw, 327px\" \/> <img decoding=\"async\" loading=\"lazy\" class=\"aligncenter  wp-image-2532\" src=\"http:\/\/www.arbitraire.fr\/actu\/wp-content\/uploads\/2013\/10\/Fauve1BD-4.jpg\" alt=\"\" width=\"155\" height=\"171\" srcset=\"https:\/\/www.arbitraire.fr\/actu\/wp-content\/uploads\/2013\/10\/Fauve1BD-4.jpg 358w, https:\/\/www.arbitraire.fr\/actu\/wp-content\/uploads\/2013\/10\/Fauve1BD-4-272x300.jpg 272w\" sizes=\"(max-width: 155px) 100vw, 155px\" \/><\/p>\n<p class=\"align-center\" style=\"text-align: center;\">Vous l&rsquo;avez compris : on retourne en Charente cette ann\u00e9e pour<br \/>la\u00a0<a href=\"https:\/\/www.bdangouleme.com\/\">51\u00e8 \u00e9dition du Festival International de la Bande Dessin\u00e9e d&rsquo;Angoul\u00eame<\/a>\u00a0!<\/p>\n<p class=\"align-center\" style=\"text-align: center;\">Ce sera donc du jeudi 25 janvier au dimanche 28 janvier,<br \/>tout le programme et les horaires\u00a0<a href=\"https:\/\/www.bdangouleme.com\/\">ici<\/a>.<br \/>On n&rsquo;a pas pris de risque, on a gard\u00e9 la m\u00eame place que l&rsquo;an dernier <br \/>pour que vous nous retrouviez facilement : Nouveau Monde \/\/ Place New York, au d\u00e9but de l&rsquo;Espace Alternatifs<br \/>(au fond de la bulle du Nouveau Monde quoi).\u00a0<\/p>\n<p class=\"align-center\" style=\"text-align: center;\"><strong>Sur notre stand, quand ielles en auront le temps et l&rsquo;envie :<\/strong><br \/>Bertoyas,\u00a0Pierre Ferrero,\u00a0Oriane Lassus,\u00a0Antoine Marchalot et\u00a0Renaud Thomas\u00a0\u00a0!<\/p>\n<p class=\"align-center\" style=\"text-align: center;\">(et probablement des surprises de derni\u00e8re minute)<br \/><br \/>\u00c0 tr\u00e8s vite, l\u00e0 o\u00f9 il fera chaud au coeur et froid ailleurs.<\/p>\n<p><img decoding=\"async\" loading=\"lazy\" class=\"aligncenter size-full wp-image-2534\" src=\"http:\/\/www.arbitraire.fr\/actu\/wp-content\/uploads\/2013\/10\/F_DKlhWXYAAO4D_.jpg\" alt=\"\" width=\"1080\" height=\"1080\" srcset=\"https:\/\/www.arbitraire.fr\/actu\/wp-content\/uploads\/2013\/10\/F_DKlhWXYAAO4D_.jpg 1080w, https:\/\/www.arbitraire.fr\/actu\/wp-content\/uploads\/2013\/10\/F_DKlhWXYAAO4D_-300x300.jpg 300w, https:\/\/www.arbitraire.fr\/actu\/wp-content\/uploads\/2013\/10\/F_DKlhWXYAAO4D_-1024x1024.jpg 1024w, https:\/\/www.arbitraire.fr\/actu\/wp-content\/uploads\/2013\/10\/F_DKlhWXYAAO4D_-150x150.jpg 150w, https:\/\/www.arbitraire.fr\/actu\/wp-content\/uploads\/2013\/10\/F_DKlhWXYAAO4D_-768x768.jpg 768w, https:\/\/www.arbitraire.fr\/actu\/wp-content\/uploads\/2013\/10\/F_DKlhWXYAAO4D_-600x600.jpg 600w\" sizes=\"(max-width: 1080px) 100vw, 1080px\" \/> <img decoding=\"async\" loading=\"lazy\" class=\"aligncenter  wp-image-2509\" src=\"http:\/\/www.arbitraire.fr\/actu\/wp-content\/uploads\/2023\/10\/z3-7.jpg\" alt=\"\" width=\"78\" height=\"78\" \/> <img decoding=\"async\" loading=\"lazy\" class=\"aligncenter size-full wp-image-2511\" src=\"http:\/\/www.arbitraire.fr\/actu\/wp-content\/uploads\/2023\/10\/MakassarLogo1.jpg\" alt=\"\" width=\"248\" height=\"90\" \/><\/p>\n","protected":false},"excerpt":{"rendered":"<p>Comme chaque ann\u00e9e &#8211; en plus de vous en f\u00eater une bonne &#8211; on se pr\u00e9pare doucement pour la transhumance qui nous am\u00e8nera auFestival International de la Bande Dessin\u00e9e d&rsquo;Angoul\u00eame, le dernier week-end de janvier ! On se permet de &hellip; <a href=\"https:\/\/www.arbitraire.fr\/actu\/2024\/01\/les-nouvelles-arbitraire-janvier-2024\/\">Continuer la lecture <span class=\"meta-nav\">&rarr;<\/span><\/a><\/p>\n","protected":false},"author":1,"featured_media":0,"comment_status":"closed","ping_status":"open","sticky":false,"template":"","format":"standard","meta":[],"categories":[8,4],"tags":[270,13,16,45,148,80,248,77,35,36,293],"_links":{"self":[{"href":"https:\/\/www.arbitraire.fr\/actu\/wp-json\/wp\/v2\/posts\/2535"}],"collection":[{"href":"https:\/\/www.arbitraire.fr\/actu\/wp-json\/wp\/v2\/posts"}],"about":[{"href":"https:\/\/www.arbitraire.fr\/actu\/wp-json\/wp\/v2\/types\/post"}],"author":[{"embeddable":true,"href":"https:\/\/www.arbitraire.fr\/actu\/wp-json\/wp\/v2\/users\/1"}],"replies":[{"embeddable":true,"href":"https:\/\/www.arbitraire.fr\/actu\/wp-json\/wp\/v2\/comments?post=2535"}],"version-history":[{"count":7,"href":"https:\/\/www.arbitraire.fr\/actu\/wp-json\/wp\/v2\/posts\/2535\/revisions"}],"predecessor-version":[{"id":2546,"href":"https:\/\/www.arbitraire.fr\/actu\/wp-json\/wp\/v2\/posts\/2535\/revisions\/2546"}],"wp:attachment":[{"href":"https:\/\/www.arbitraire.fr\/actu\/wp-json\/wp\/v2\/media?parent=2535"}],"wp:term":[{"taxonomy":"category","embeddable":true,"href":"https:\/\/www.arbitraire.fr\/actu\/wp-json\/wp\/v2\/categories?post=2535"},{"taxonomy":"post_tag","embeddable":true,"href":"https:\/\/www.arbitraire.fr\/actu\/wp-json\/wp\/v2\/tags?post=2535"}],"curies":[{"name":"wp","href":"https:\/\/api.w.org\/{rel}","templated":true}]}}