{"id":2470,"date":"2023-09-01T14:16:53","date_gmt":"2023-09-01T12:16:53","guid":{"rendered":"https:\/\/www.arbitraire.fr\/actu\/?p=2470"},"modified":"2023-09-01T14:16:53","modified_gmt":"2023-09-01T12:16:53","slug":"les-nouvelles-arbitraire-septembre-2023","status":"publish","type":"post","link":"https:\/\/www.arbitraire.fr\/actu\/2023\/09\/les-nouvelles-arbitraire-septembre-2023\/","title":{"rendered":"[Les Nouvelles] Arbitraire &#8211; Septembre 2023"},"content":{"rendered":"<div class=\"wp-block-image\">\n<figure class=\"aligncenter size-full is-resized\"><img decoding=\"async\" loading=\"lazy\" src=\"http:\/\/www.arbitraire.fr\/actu\/wp-content\/uploads\/2023\/09\/TitreNewsNouvellesArbiBD-600x238-1.jpg\" alt=\"\" class=\"wp-image-2476\" width=\"348\" height=\"138\" srcset=\"https:\/\/www.arbitraire.fr\/actu\/wp-content\/uploads\/2023\/09\/TitreNewsNouvellesArbiBD-600x238-1.jpg 600w, https:\/\/www.arbitraire.fr\/actu\/wp-content\/uploads\/2023\/09\/TitreNewsNouvellesArbiBD-600x238-1-300x119.jpg 300w\" sizes=\"(max-width: 348px) 100vw, 348px\" \/><\/figure><\/div>\n\n\n<p style=\"text-align: center;\">Pour f\u00eater la rentr\u00e9e, donnons-nous rendez-vous<br \/>\u00e0 Bordeaux pour la 3\u00e8me \u00e9dition du\u00a0<a href=\"https:\/\/www.festivalgribouillis.fr\/\">Festival Gribouillis<\/a>\u00a0ou \u00e0 Paris,<br \/>pour la 11\u00e8me \u00e9dition de\u00a0<a href=\"https:\/\/www.formulabula.fr\/\">Formula Bula<\/a>\u00a0!<br \/>On pourra vous parler de notre prochain titre \u00e0 para\u00eetre le<br \/>17 novembre, \u00ab\u00a0Une vie de regrets\u00a0\u00bb de Gwendoline Desnoyers&#8230;<br \/><br \/>On vous en dit plus juste l\u00e0, en dessous !<\/p>\n\n\n\n<p><img decoding=\"async\" loading=\"lazy\" class=\"aligncenter size-full wp-image-2477\" src=\"http:\/\/www.arbitraire.fr\/actu\/wp-content\/uploads\/2023\/09\/ligne-600x31-1.jpg\" alt=\"\" width=\"600\" height=\"31\" srcset=\"https:\/\/www.arbitraire.fr\/actu\/wp-content\/uploads\/2023\/09\/ligne-600x31-1.jpg 600w, https:\/\/www.arbitraire.fr\/actu\/wp-content\/uploads\/2023\/09\/ligne-600x31-1-300x16.jpg 300w\" sizes=\"(max-width: 600px) 100vw, 600px\" \/> <img decoding=\"async\" loading=\"lazy\" class=\"aligncenter  wp-image-2478\" src=\"http:\/\/www.arbitraire.fr\/actu\/wp-content\/uploads\/2023\/09\/FuturTriangle-5.jpg\" alt=\"\" width=\"140\" height=\"87\" \/><\/p>\n<p>\u00a0<\/p>\n<p><img decoding=\"async\" loading=\"lazy\" class=\"aligncenter  wp-image-2485\" src=\"http:\/\/www.arbitraire.fr\/actu\/wp-content\/uploads\/2023\/09\/Titraille-Gwendo-Makassar-2-scaled-1.jpg\" alt=\"\" width=\"317\" height=\"235\" srcset=\"https:\/\/www.arbitraire.fr\/actu\/wp-content\/uploads\/2023\/09\/Titraille-Gwendo-Makassar-2-scaled-1.jpg 2560w, https:\/\/www.arbitraire.fr\/actu\/wp-content\/uploads\/2023\/09\/Titraille-Gwendo-Makassar-2-scaled-1-300x222.jpg 300w, https:\/\/www.arbitraire.fr\/actu\/wp-content\/uploads\/2023\/09\/Titraille-Gwendo-Makassar-2-scaled-1-1024x759.jpg 1024w, https:\/\/www.arbitraire.fr\/actu\/wp-content\/uploads\/2023\/09\/Titraille-Gwendo-Makassar-2-scaled-1-768x569.jpg 768w, https:\/\/www.arbitraire.fr\/actu\/wp-content\/uploads\/2023\/09\/Titraille-Gwendo-Makassar-2-scaled-1-600x445.jpg 600w, https:\/\/www.arbitraire.fr\/actu\/wp-content\/uploads\/2023\/09\/Titraille-Gwendo-Makassar-2-scaled-1-1536x1138.jpg 1536w, https:\/\/www.arbitraire.fr\/actu\/wp-content\/uploads\/2023\/09\/Titraille-Gwendo-Makassar-2-scaled-1-2048x1518.jpg 2048w, https:\/\/www.arbitraire.fr\/actu\/wp-content\/uploads\/2023\/09\/Titraille-Gwendo-Makassar-2-scaled-1-1320x978.jpg 1320w\" sizes=\"(max-width: 317px) 100vw, 317px\" \/> <img decoding=\"async\" loading=\"lazy\" class=\"aligncenter  wp-image-2473\" src=\"http:\/\/www.arbitraire.fr\/actu\/wp-content\/uploads\/2023\/09\/Etoile2BD-5.jpg\" alt=\"\" width=\"69\" height=\"72\" \/><\/p>\n<p class=\"align-center\" style=\"text-align: center;\"><strong>\u00c0 para\u00eetre le 17 novembre 2023<\/strong><\/p>\n<p class=\"p2 align-center\" style=\"text-align: center;\"><span class=\"s2\"><strong>\u00a0<\/strong><\/span><span style=\"color: #2f426a;\"><span class=\"s3\"><strong>22 cm x 24 cm &#8211; 224 pages &#8211; 30 \u20ac<br \/>Impression int\u00e9rieure couleur<span class=\"Apple-converted-space\">\u00a0<br \/><\/span><\/strong><\/span><span class=\"s3\"><strong>Couverture toil\u00e9e avec dorure \u00e0 chaud<\/strong><\/span><\/span><\/p>\n<p class=\"p3 align-center\" style=\"text-align: center;\"><span class=\"s3\"><strong>Livret \u00e0 part 16 pages &#8211; 11 cm x 14 cm &#8211; quadrichromie<br \/><\/strong><\/span><span class=\"s4\" style=\"color: #2f426a;\"><strong>Collection<span class=\"Apple-converted-space\">\u00a0\u00c9toile<\/span><\/strong><\/span><\/p>\n<p>\u00a0<\/p>\n<p><img decoding=\"async\" loading=\"lazy\" class=\"aligncenter size-full wp-image-2460\" src=\"http:\/\/www.arbitraire.fr\/actu\/wp-content\/uploads\/2013\/10\/TotalGwendoCouv-ok-scaled.jpg\" alt=\"\" width=\"2560\" height=\"1384\" srcset=\"https:\/\/www.arbitraire.fr\/actu\/wp-content\/uploads\/2013\/10\/TotalGwendoCouv-ok-scaled.jpg 2560w, https:\/\/www.arbitraire.fr\/actu\/wp-content\/uploads\/2013\/10\/TotalGwendoCouv-ok-300x162.jpg 300w, https:\/\/www.arbitraire.fr\/actu\/wp-content\/uploads\/2013\/10\/TotalGwendoCouv-ok-1024x554.jpg 1024w, https:\/\/www.arbitraire.fr\/actu\/wp-content\/uploads\/2013\/10\/TotalGwendoCouv-ok-768x415.jpg 768w, https:\/\/www.arbitraire.fr\/actu\/wp-content\/uploads\/2013\/10\/TotalGwendoCouv-ok-600x324.jpg 600w, https:\/\/www.arbitraire.fr\/actu\/wp-content\/uploads\/2013\/10\/TotalGwendoCouv-ok-1536x831.jpg 1536w, https:\/\/www.arbitraire.fr\/actu\/wp-content\/uploads\/2013\/10\/TotalGwendoCouv-ok-2048x1108.jpg 2048w, https:\/\/www.arbitraire.fr\/actu\/wp-content\/uploads\/2013\/10\/TotalGwendoCouv-ok-1320x714.jpg 1320w\" sizes=\"(max-width: 2560px) 100vw, 2560px\" \/><\/p>\n<p>\u00a0<\/p>\n<p><img decoding=\"async\" loading=\"lazy\" class=\"aligncenter  wp-image-2463\" src=\"http:\/\/www.arbitraire.fr\/actu\/wp-content\/uploads\/2013\/10\/Lelivre-copie-5.jpg\" alt=\"\" width=\"177\" height=\"61\" \/><\/p>\n<p>\u00a0<\/p>\n<p><em>Une vie de regrets\u00a0<\/em>regroupe une multitude d\u2019oeuvres dessin\u00e9es par Gwendoline Desnoyers,<br \/>pour une monographie faisant oublier que l\u2019artiste, loin d\u2019avoir \u00e9t\u00e9 mus\u00e9ifi\u00e9e, approchait \u00e0 peine la trentaine lors de la conception du livre.<\/p>\n<p class=\"p2\">Les techniques sont tr\u00e8s vari\u00e9es : pastel, encre, eau-forte, monotype, peinture \u00e0 l\u2019huile, peinture sur soie, techniques mixtes&#8230; Elle s\u2019essayait aussi aux bijoux, aux mobiles, et avait invent\u00e9 une technique \u00e0 base de papiers blancs d\u00e9coup\u00e9s et superpos\u00e9s, gr\u00e2ce \u00e0 laquelle le dessin se<br \/>r\u00e9v\u00e9lait par transparence, \u00e0 la lumi\u00e8re.<\/p>\n<p class=\"p2\">Les th\u00e8mes, eux, sont assez r\u00e9currents : individus solitaires, membres \u00e9gar\u00e9s, masques, catholicisme, v\u00e9g\u00e9tation luxuriante, animaux errants&#8230; Dot\u00e9e d\u2019une forte charge \u00e9motionnelle et po\u00e9tique, l\u2019oeuvre de Gwendoline Desnoyers ressemble \u00e0 sa cr\u00e9atrice et oscille entre tendresse et violence. Les reproductions de ses oeuvres sont ici accompagn\u00e9es d\u2019une s\u00e9lection de po\u00e8mes, ainsi que de textes des \u00e9diteur\u00b7rices contextualisant leur rapport \u00e0 l\u2019auteure, aujourd\u2019hui d\u00e9c\u00e9d\u00e9e, et \u00e0 son oeuvre, toujours aussi vivace.<\/p>\n<p class=\"p3 align-right\" style=\"text-align: right;\"><em>\u00ab Il y a une symbolique toute personnelle que l\u2019on peut accoler \u00e0 celle des r\u00eaves, mais alors des r\u00eaves que plus personne ne fait, comme des r\u00e9miniscences de souvenirs que l\u2019on n\u2019aurait pas v\u00e9cus. <br \/>Une m\u00e9moire gigogne et fant\u00f4me qui irrigue les synapses d\u2019un cerveau bourdonnant comme mille abeilles un soir d\u2019orage. D\u2019o\u00f9 le gris, peut-\u00eatre, qui n\u2019est pas tout \u00e0 fait la lumi\u00e8re ni l\u2019obscurit\u00e9, mais qui, comme entre chiennes et louves, dit un temps incertain pr\u00eat \u00e0 s\u2019\u00e9teindre ou \u00e0 se consumer. Alors on se demande si c\u2019est bien d\u2019une vie de regrets dont on parle, ou du regret de vivre loin de ce monde-l\u00e0, <br \/>o\u00f9 tout parait encore probable, pas tout \u00e0 fait commenc\u00e9 et pas pr\u00eat de finir. <br \/>Et puis on y pisse beaucoup.\u00bb<span class=\"Apple-converted-space\">\u00a0<br \/><\/span><\/em>Thomas Bernard<\/p>\n<p><img decoding=\"async\" loading=\"lazy\" class=\"aligncenter size-full wp-image-2461\" src=\"http:\/\/www.arbitraire.fr\/actu\/wp-content\/uploads\/2013\/10\/autrice-2.jpg\" alt=\"\" width=\"179\" height=\"70\" \/><\/p>\n<p>\u00a0<\/p>\n<p class=\"p1\">Quand elle le racontait, le parcours de Gwendoline Desnoyers masquait sa complexit\u00e9 derri\u00e8re sa<br \/>lin\u00e9arit\u00e9 :\u00ab Deux ans aux Arts D\u00e9coratifs de Strasbourg, deux ans \u00e0 ceux de Paris et six ans \u00e0 Sainte-Anne \u00bb. Entre la fin avort\u00e9e de ses \u00e9tudes et la fin pr\u00e9cipit\u00e9e de sa vie, elle a produit de nombreux dessins, gravures et tableaux m\u00ealant symbolisme et mysticisme avec gravit\u00e9, humour et m\u00e9lancolie.<\/p>\n<p class=\"p1\">Ceux-ci se sont parfois retrouv\u00e9s publi\u00e9s dans diverses revues, via des collectifs ou dans des fanzines tels que Super-Structure ou la Tranch\u00e9e Racine dirig\u00e9e par Blanquet, et dans de petits livres monographiques chez Re:Surgo, Crocuta Crocuta&#8230;<\/p>\n<p class=\"p2\">Elle se faisait remarquer sur les r\u00e9seaux sociaux qu\u2019elle abreuvait par vagues al\u00e9atoires de son oeuvre dessin\u00e9e, mais aussi de ses po\u00e8mes transcendant la r\u00e9alit\u00e9 ou, au contraire, la d\u00e9voilant dans sa v\u00e9rit\u00e9 la plus crue.<\/p>\n<p><img decoding=\"async\" loading=\"lazy\" class=\"aligncenter  wp-image-2459\" src=\"http:\/\/www.arbitraire.fr\/actu\/wp-content\/uploads\/2013\/10\/Images-1-scaled.jpg\" alt=\"\" width=\"699\" height=\"1442\" srcset=\"https:\/\/www.arbitraire.fr\/actu\/wp-content\/uploads\/2013\/10\/Images-1-scaled.jpg 1241w, https:\/\/www.arbitraire.fr\/actu\/wp-content\/uploads\/2013\/10\/Images-1-145x300.jpg 145w, https:\/\/www.arbitraire.fr\/actu\/wp-content\/uploads\/2013\/10\/Images-1-496x1024.jpg 496w, https:\/\/www.arbitraire.fr\/actu\/wp-content\/uploads\/2013\/10\/Images-1-768x1584.jpg 768w, https:\/\/www.arbitraire.fr\/actu\/wp-content\/uploads\/2013\/10\/Images-1-600x1238.jpg 600w, https:\/\/www.arbitraire.fr\/actu\/wp-content\/uploads\/2013\/10\/Images-1-745x1536.jpg 745w, https:\/\/www.arbitraire.fr\/actu\/wp-content\/uploads\/2013\/10\/Images-1-993x2048.jpg 993w, https:\/\/www.arbitraire.fr\/actu\/wp-content\/uploads\/2013\/10\/Images-1-1320x2723.jpg 1320w\" sizes=\"(max-width: 699px) 100vw, 699px\" \/> <img decoding=\"async\" loading=\"lazy\" class=\"aligncenter size-full wp-image-2472\" src=\"http:\/\/www.arbitraire.fr\/actu\/wp-content\/uploads\/2023\/09\/ligne-600x31-1-1.jpg\" alt=\"\" width=\"600\" height=\"31\" srcset=\"https:\/\/www.arbitraire.fr\/actu\/wp-content\/uploads\/2023\/09\/ligne-600x31-1-1.jpg 600w, https:\/\/www.arbitraire.fr\/actu\/wp-content\/uploads\/2023\/09\/ligne-600x31-1-1-300x16.jpg 300w\" sizes=\"(max-width: 600px) 100vw, 600px\" \/> <img decoding=\"async\" loading=\"lazy\" class=\"aligncenter  wp-image-2483\" src=\"http:\/\/www.arbitraire.fr\/actu\/wp-content\/uploads\/2023\/09\/ChronogeoBD-triangle-3.jpg\" alt=\"\" width=\"329\" height=\"155\" srcset=\"https:\/\/www.arbitraire.fr\/actu\/wp-content\/uploads\/2023\/09\/ChronogeoBD-triangle-3.jpg 628w, https:\/\/www.arbitraire.fr\/actu\/wp-content\/uploads\/2023\/09\/ChronogeoBD-triangle-3-300x141.jpg 300w, https:\/\/www.arbitraire.fr\/actu\/wp-content\/uploads\/2023\/09\/ChronogeoBD-triangle-3-600x283.jpg 600w\" sizes=\"(max-width: 329px) 100vw, 329px\" \/><\/p>\n<p>\u00a0<\/p>\n<p><a href=\"https:\/\/www.festivalgribouillis.fr\/\"> <img decoding=\"async\" loading=\"lazy\" class=\"aligncenter  wp-image-2479\" src=\"http:\/\/www.arbitraire.fr\/actu\/wp-content\/uploads\/2023\/09\/112994ab48bcd49ca956679f23951b9447726e667a7f07b1655d8e69350d4195-600x598-1.png\" alt=\"\" width=\"529\" height=\"527\" srcset=\"https:\/\/www.arbitraire.fr\/actu\/wp-content\/uploads\/2023\/09\/112994ab48bcd49ca956679f23951b9447726e667a7f07b1655d8e69350d4195-600x598-1.png 600w, https:\/\/www.arbitraire.fr\/actu\/wp-content\/uploads\/2023\/09\/112994ab48bcd49ca956679f23951b9447726e667a7f07b1655d8e69350d4195-600x598-1-300x300.png 300w, https:\/\/www.arbitraire.fr\/actu\/wp-content\/uploads\/2023\/09\/112994ab48bcd49ca956679f23951b9447726e667a7f07b1655d8e69350d4195-600x598-1-150x150.png 150w\" sizes=\"(max-width: 529px) 100vw, 529px\" \/><\/a><\/p>\n<p class=\"align-center\" style=\"text-align: center;\"><span style=\"color: #a22018;\"><strong>Rendez-vous \u00e0 Bordeaux<\/strong><\/span><br \/><span style=\"color: #a22018;\"><strong>pour la 3\u00e8me \u00e9dition de Gribouillis !<\/strong><\/span><br \/>&#8211; On vous accueillera avec Antoine Marchalot et Renaud Thomas &#8211;<\/p>\n<p class=\"align-center\" style=\"text-align: center;\"><span style=\"color: #a22018;\"><strong>\u00c7a se passe au Garage Moderne<\/strong><\/span><br \/><span style=\"color: #a22018;\"><strong>Du vendredi 15 au dimanche 17 septembre\u00a0<\/strong><\/span><br \/><strong><span style=\"color: #a22018;\">1 rue des \u00c9trangers, Bordeaux<\/span><br \/><\/strong><br \/>Vendredi : 14h-20h<br \/>Samedi : 10h-19h<br \/>Dimanche : 10h-18h<\/p>\n<p class=\"align-center\" style=\"text-align: center;\"><span style=\"color: #a22018;\"><strong>Toute la programmation est l\u00e0 :\u00a0<\/strong><\/span><br \/><a href=\"https:\/\/www.festivalgribouillis.fr\/\">https:\/\/www.festivalgribouillis.fr\/<\/a><\/p>\n<p class=\"align-center\" style=\"text-align: center;\"><strong>\u00c0 vite !<\/strong><\/p>\n<p><img decoding=\"async\" loading=\"lazy\" class=\"aligncenter  wp-image-2471\" src=\"http:\/\/www.arbitraire.fr\/actu\/wp-content\/uploads\/2023\/09\/Etoile3BD-4.jpg\" alt=\"\" width=\"73\" height=\"69\" \/><\/p>\n<p><a href=\"https:\/\/www.formulabula.fr\/\"> <img decoding=\"async\" loading=\"lazy\" class=\"aligncenter size-full wp-image-2482\" src=\"http:\/\/www.arbitraire.fr\/actu\/wp-content\/uploads\/2023\/09\/351339652_607754341308361_8455963948244322122_n-600x900-1.jpg\" alt=\"\" width=\"600\" height=\"900\" srcset=\"https:\/\/www.arbitraire.fr\/actu\/wp-content\/uploads\/2023\/09\/351339652_607754341308361_8455963948244322122_n-600x900-1.jpg 600w, https:\/\/www.arbitraire.fr\/actu\/wp-content\/uploads\/2023\/09\/351339652_607754341308361_8455963948244322122_n-600x900-1-200x300.jpg 200w\" sizes=\"(max-width: 600px) 100vw, 600px\" \/><\/a><\/p>\n<p>\u00a0<\/p>\n<p class=\"align-center\" style=\"text-align: center;\">Et juste le temps de changer le contenu de nos valises<br \/>pour foncer \u00e0\u00a0<a href=\"https:\/\/www.formulabula.fr\/\"><strong>Formula Bula<\/strong><\/a>\u00a0qui change de lieu cette ann\u00e9e.<br \/>On sera \u00e0 Paris avec Oriane Lassus et Renaud Thomas<br \/>pour cette 11\u00e8me \u00e9dition, en voici les infos pratiques :\u00a0<\/p>\n<p class=\"align-center\" style=\"text-align: center;\"><strong>\u00c7a se passe \u00e0\u00a0<a href=\"https:\/\/www.formulabula.fr\/infos-pratiques-fb11\/\">C\u00e9sure<\/a><\/strong><br \/><strong>13 Rue Santeuil, 75005 Paris<\/strong><\/p>\n<p class=\"align-center\" style=\"text-align: center;\"><span style=\"color: #eb545d;\"><strong>Vendredi 22 &amp; samedi 23 septembre de 11h00 \u00e0 20h00<\/strong><\/span><br \/><span style=\"color: #eb545d;\"><strong>Dimanche 24 septembre de 11h00 \u00e0 19h00<\/strong><\/span><\/p>\n<p class=\"align-center\" style=\"text-align: center;\">Samedi 23 septembre:\u00a0concerts de\u00a0<em>Marie Klock<\/em>\u00a0et\u00a0<em>Zad Kokar<\/em>\u00a0jusqu\u2019\u00e0\u00a023h00<br \/>L\u2019entr\u00e9e, les expositions et toutes les activit\u00e9s du festival sont gratuites.<\/p>\n<p class=\"align-center\" style=\"text-align: center;\"><span style=\"color: #eb545d;\"><strong>Retrouvez tout le programme ici :\u00a0<\/strong><\/span><br \/><a href=\"https:\/\/www.formulabula.fr\/\">https:\/\/www.formulabula.fr\/<\/a><\/p>\n<p><img decoding=\"async\" loading=\"lazy\" class=\"aligncenter  wp-image-2480\" src=\"http:\/\/www.arbitraire.fr\/actu\/wp-content\/uploads\/2023\/09\/z3-7.jpg\" alt=\"\" width=\"94\" height=\"94\" srcset=\"https:\/\/www.arbitraire.fr\/actu\/wp-content\/uploads\/2023\/09\/z3-7.jpg 280w, https:\/\/www.arbitraire.fr\/actu\/wp-content\/uploads\/2023\/09\/z3-7-150x150.jpg 150w\" sizes=\"(max-width: 94px) 100vw, 94px\" \/><\/p>\n\n\n","protected":false},"excerpt":{"rendered":"<p>Pour f\u00eater la rentr\u00e9e, donnons-nous rendez-vous\u00e0 Bordeaux pour la 3\u00e8me \u00e9dition du\u00a0Festival Gribouillis\u00a0ou \u00e0 Paris,pour la 11\u00e8me \u00e9dition de\u00a0Formula Bula\u00a0!On pourra vous parler de notre prochain titre \u00e0 para\u00eetre le17 novembre, \u00ab\u00a0Une vie de regrets\u00a0\u00bb de Gwendoline Desnoyers&#8230; On vous &hellip; <a href=\"https:\/\/www.arbitraire.fr\/actu\/2023\/09\/les-nouvelles-arbitraire-septembre-2023\/\">Continuer la lecture <span class=\"meta-nav\">&rarr;<\/span><\/a><\/p>\n","protected":false},"author":1,"featured_media":0,"comment_status":"closed","ping_status":"open","sticky":false,"template":"","format":"standard","meta":[],"categories":[9,8,4],"tags":[13,252,292,248,77,36,293],"_links":{"self":[{"href":"https:\/\/www.arbitraire.fr\/actu\/wp-json\/wp\/v2\/posts\/2470"}],"collection":[{"href":"https:\/\/www.arbitraire.fr\/actu\/wp-json\/wp\/v2\/posts"}],"about":[{"href":"https:\/\/www.arbitraire.fr\/actu\/wp-json\/wp\/v2\/types\/post"}],"author":[{"embeddable":true,"href":"https:\/\/www.arbitraire.fr\/actu\/wp-json\/wp\/v2\/users\/1"}],"replies":[{"embeddable":true,"href":"https:\/\/www.arbitraire.fr\/actu\/wp-json\/wp\/v2\/comments?post=2470"}],"version-history":[{"count":1,"href":"https:\/\/www.arbitraire.fr\/actu\/wp-json\/wp\/v2\/posts\/2470\/revisions"}],"predecessor-version":[{"id":2487,"href":"https:\/\/www.arbitraire.fr\/actu\/wp-json\/wp\/v2\/posts\/2470\/revisions\/2487"}],"wp:attachment":[{"href":"https:\/\/www.arbitraire.fr\/actu\/wp-json\/wp\/v2\/media?parent=2470"}],"wp:term":[{"taxonomy":"category","embeddable":true,"href":"https:\/\/www.arbitraire.fr\/actu\/wp-json\/wp\/v2\/categories?post=2470"},{"taxonomy":"post_tag","embeddable":true,"href":"https:\/\/www.arbitraire.fr\/actu\/wp-json\/wp\/v2\/tags?post=2470"}],"curies":[{"name":"wp","href":"https:\/\/api.w.org\/{rel}","templated":true}]}}