{"id":2146,"date":"2021-11-17T11:43:41","date_gmt":"2021-11-17T10:43:41","guid":{"rendered":"http:\/\/www.arbitraire.fr\/actu\/?p=2146"},"modified":"2021-11-17T11:43:41","modified_gmt":"2021-11-17T10:43:41","slug":"bd-colomiers-les-19-20-21-novembre-2021","status":"publish","type":"post","link":"https:\/\/www.arbitraire.fr\/actu\/2021\/11\/bd-colomiers-les-19-20-21-novembre-2021\/","title":{"rendered":"BD Colomiers &#8211; Les 19 &#8211; 20 &#8211; 21 novembre 2021"},"content":{"rendered":"\n<p class=\"has-text-align-center\">Ce week-end c&rsquo;est le grand retour de <a href=\"https:\/\/www.bdcolomiers.com\/\" target=\"_blank\" rel=\"noreferrer noopener\">BD Colomiers<\/a> avec en prime <br>l&rsquo;exposition d&rsquo; <a href=\"https:\/\/antoinemarchalot.tumblr.com\/\" data-type=\"URL\" data-id=\"https:\/\/antoinemarchalot.tumblr.com\/\" target=\"_blank\" rel=\"noreferrer noopener\">Antoine Marchalot<\/a> dont le co-commissariat a \u00e9t\u00e9 assur\u00e9 par <a href=\"http:\/\/margauxduseigneur.com\/\" target=\"_blank\" rel=\"noreferrer noopener\">Margaux Duseigneur<\/a> !<br>On vient le coeur en joie avec livres, zines et s\u00e9rigraphies qui seront dispos <br>sur notre stand au Hall Comminges, (Place Des F\u00eates 31770 Colomiers). <br><br><a href=\"https:\/\/pierreferrero.tumblr.com\/\" target=\"_blank\" rel=\"noreferrer noopener\">Pierre Ferrero<\/a>, Oriane Lassus et Renaud Thomas seront bien \u00e9videment dans le coin, <br>passez nous voir, il y a vraiment la cr\u00e8me de la cr\u00e8me avec une orga du tonnerre.<br><br>Toutes les infos sur les exposant-e-s \/ auteur-e-s \/ expositions ici : <br><br><a rel=\"noreferrer noopener\" href=\"https:\/\/l.facebook.com\/l.php?u=https%3A%2F%2Fwww.bdcolomiers.com%2F%3Ffbclid%3DIwAR11wG6pYbp57oNt07CucP2wcaq04bEAN6_hzDOnETq1mOwKfAFhKgQu3f0&amp;h=AT1ACaDdQKLMJHFdhczKTTnS1KwaB9ZzwCYrPu5XaUlT4wsWlsYpGaIP51-LxpeqAraiHWxlAaoB5B0cOVPSAFTFAwVsJKytdH3Dzfq4m-Xi0PzyB4pLx8V_nK9XOiOaXT20u_ZYnZM5UmQOHZVRH0Q&amp;__tn__=-UK-R&amp;c[0]=AT2BRAZKc3LCR6w7hbTV4RBzpM0frBxmVXdy1UHiAmiGahSOTLzjGFyt9oWSVVcS0DHyJZpqRQBkmov-CnW2vVxyu537tLWo04zoawu-v108xiyfQexmZnqJUGSnc3WqzCFvzuGTgCqXYsrIcD7u568NMEQeFcZGNF_SirQbSe9eP0Jv7260YkLET7tqKaHX-0SbWHH2\" target=\"_blank\">https:\/\/www.bdcolomiers.com\/<\/a><br><br>\u00c0 vendredi \/ samedi \/ dimanche !<\/p>\n\n\n\n\n\n<p><a href=\"https:\/\/www.bdcolomiers.com\/les-evenements\/les-expositions\/la-bande-d-antoine-marchalot-dessinee-922.html\"><img decoding=\"async\" loading=\"lazy\" class=\"wp-image-2149 aligncenter\" src=\"http:\/\/www.arbitraire.fr\/actu\/wp-content\/uploads\/2021\/11\/257891430_10227132534560751_8310787772073300067_n.jpeg\" alt=\"\" width=\"500\" height=\"668\" srcset=\"https:\/\/www.arbitraire.fr\/actu\/wp-content\/uploads\/2021\/11\/257891430_10227132534560751_8310787772073300067_n.jpeg 1326w, https:\/\/www.arbitraire.fr\/actu\/wp-content\/uploads\/2021\/11\/257891430_10227132534560751_8310787772073300067_n-224x300.jpeg 224w, https:\/\/www.arbitraire.fr\/actu\/wp-content\/uploads\/2021\/11\/257891430_10227132534560751_8310787772073300067_n-766x1024.jpeg 766w, https:\/\/www.arbitraire.fr\/actu\/wp-content\/uploads\/2021\/11\/257891430_10227132534560751_8310787772073300067_n-768x1027.jpeg 768w, https:\/\/www.arbitraire.fr\/actu\/wp-content\/uploads\/2021\/11\/257891430_10227132534560751_8310787772073300067_n-600x802.jpeg 600w, https:\/\/www.arbitraire.fr\/actu\/wp-content\/uploads\/2021\/11\/257891430_10227132534560751_8310787772073300067_n-1149x1536.jpeg 1149w, https:\/\/www.arbitraire.fr\/actu\/wp-content\/uploads\/2021\/11\/257891430_10227132534560751_8310787772073300067_n-1320x1765.jpeg 1320w\" sizes=\"(max-width: 500px) 100vw, 500px\" \/><\/a><\/p>\n","protected":false},"excerpt":{"rendered":"<p>Ce week-end c&rsquo;est le grand retour de BD Colomiers avec en prime l&rsquo;exposition d&rsquo; Antoine Marchalot dont le co-commissariat a \u00e9t\u00e9 assur\u00e9 par Margaux Duseigneur !On vient le coeur en joie avec livres, zines et s\u00e9rigraphies qui seront dispos sur &hellip; <a href=\"https:\/\/www.arbitraire.fr\/actu\/2021\/11\/bd-colomiers-les-19-20-21-novembre-2021\/\">Continuer la lecture <span class=\"meta-nav\">&rarr;<\/span><\/a><\/p>\n","protected":false},"author":1,"featured_media":0,"comment_status":"closed","ping_status":"open","sticky":false,"template":"","format":"standard","meta":[],"categories":[9,8,1],"tags":[13,16,216,264,127,77,35,36],"_links":{"self":[{"href":"https:\/\/www.arbitraire.fr\/actu\/wp-json\/wp\/v2\/posts\/2146"}],"collection":[{"href":"https:\/\/www.arbitraire.fr\/actu\/wp-json\/wp\/v2\/posts"}],"about":[{"href":"https:\/\/www.arbitraire.fr\/actu\/wp-json\/wp\/v2\/types\/post"}],"author":[{"embeddable":true,"href":"https:\/\/www.arbitraire.fr\/actu\/wp-json\/wp\/v2\/users\/1"}],"replies":[{"embeddable":true,"href":"https:\/\/www.arbitraire.fr\/actu\/wp-json\/wp\/v2\/comments?post=2146"}],"version-history":[{"count":10,"href":"https:\/\/www.arbitraire.fr\/actu\/wp-json\/wp\/v2\/posts\/2146\/revisions"}],"predecessor-version":[{"id":2158,"href":"https:\/\/www.arbitraire.fr\/actu\/wp-json\/wp\/v2\/posts\/2146\/revisions\/2158"}],"wp:attachment":[{"href":"https:\/\/www.arbitraire.fr\/actu\/wp-json\/wp\/v2\/media?parent=2146"}],"wp:term":[{"taxonomy":"category","embeddable":true,"href":"https:\/\/www.arbitraire.fr\/actu\/wp-json\/wp\/v2\/categories?post=2146"},{"taxonomy":"post_tag","embeddable":true,"href":"https:\/\/www.arbitraire.fr\/actu\/wp-json\/wp\/v2\/tags?post=2146"}],"curies":[{"name":"wp","href":"https:\/\/api.w.org\/{rel}","templated":true}]}}