{"id":1865,"date":"2020-02-17T14:49:14","date_gmt":"2020-02-17T13:49:14","guid":{"rendered":"http:\/\/www.arbitraire.fr\/actu\/?p=1865"},"modified":"2020-02-17T18:56:40","modified_gmt":"2020-02-17T17:56:40","slug":"oriane-lassus-laureate-du-prix-de-leesi-2020","status":"publish","type":"post","link":"https:\/\/www.arbitraire.fr\/actu\/2020\/02\/oriane-lassus-laureate-du-prix-de-leesi-2020\/","title":{"rendered":"Oriane Lassus : Laur\u00e9ate du Prix de l\u2019\u00c9ESI 2020"},"content":{"rendered":"\n<p style=\"text-align:center\">C&rsquo;\u00e9tait expos\u00e9 dans la verri\u00e8re de l&rsquo;EESI Angoul\u00eame <br>entre le 30 janvier et le 15 f\u00e9vrier 2020, <br>et c&rsquo;\u00e9tait magnifique !<\/p>\n\n\n\n<div class=\"wp-block-image\"><figure class=\"aligncenter\"><a href=\"https:\/\/www.facebook.com\/1416095552023948\/photos\/pcb.2286581861641975\/2286577154975779\/?type=3&amp;theater\" target=\"_blank\" rel=\"noreferrer noopener\"><img decoding=\"async\" loading=\"lazy\" width=\"1018\" height=\"1024\" src=\"http:\/\/www.arbitraire.fr\/actu\/wp-content\/uploads\/2020\/02\/OrianeTotBlogOK2-1018x1024.jpg\" alt=\"\" class=\"wp-image-1866\" srcset=\"https:\/\/www.arbitraire.fr\/actu\/wp-content\/uploads\/2020\/02\/OrianeTotBlogOK2-1018x1024.jpg 1018w, https:\/\/www.arbitraire.fr\/actu\/wp-content\/uploads\/2020\/02\/OrianeTotBlogOK2-150x150.jpg 150w, https:\/\/www.arbitraire.fr\/actu\/wp-content\/uploads\/2020\/02\/OrianeTotBlogOK2-298x300.jpg 298w, https:\/\/www.arbitraire.fr\/actu\/wp-content\/uploads\/2020\/02\/OrianeTotBlogOK2-768x772.jpg 768w, https:\/\/www.arbitraire.fr\/actu\/wp-content\/uploads\/2020\/02\/OrianeTotBlogOK2-600x603.jpg 600w\" sizes=\"(max-width: 1018px) 100vw, 1018px\" \/><\/a><\/figure><\/div>\n\n\n\n<p><em>\u00ab\u00a0Depuis vingt-cinq ans, le Prix de l\u2019\u00c9cole europ\u00e9enne sup\u00e9rieure de l\u2019image distingue des autrices et auteurs \u2013 jeunes ou confirm\u00e9.e.s, pour leur contribution au champ de la bande dessin\u00e9e ou du dessin contemporains. Prise de risque, singularit\u00e9, finesse, engagement, audace, esprit, recherche, tels sont les crit\u00e8res qui s\u2019appliquent au choix des laur\u00e9at\u00b7e\u00b7s, dont chacun\u00b7e fait l\u2019objet d\u2019une exposition dans les murs de l\u2019\u00e9cole \u00e0 l\u2019occasion du Festival international de la bande dessin\u00e9e d\u2019Angoul\u00eame.<br>Le jury de l\u2019\u00e9dition 2020, pr\u00e9sid\u00e9 par le dessinateur Dominique Bertail, a choisi de primer Oriane Lassus, ancienne \u00e9l\u00e8ve de l\u2019Acad\u00e9mie royale des Beaux-Arts de Bruxelles qui vit et travaille aujourd\u2019hui \u00e0 Lyon.<br>Une autrice et illustratrice d\u00e9j\u00e0 connue \u00e0 Angoul\u00eame o\u00f9 elle re\u00e7ut en 2011 un Prix pour son blog <\/em>Spongiculture<em>, et o\u00f9 son travail fut expos\u00e9 en 2018 au Pavillon Jeunes Talents.<br>Le Prix de l\u2019\u00c9ESI 2020 et l\u2019exposition qui lui est consacr\u00e9e offrent une nouvelle occasion de plonger dans l\u2019univers d\u2019Oriane Lassus, un univers aux traits noirs et aux accents parfois d\u00e9senchant\u00e9s \u2013 mais souvent tr\u00e8s dr\u00f4les, o\u00f9 se joue autrement la banalit\u00e9 des sc\u00e8nes de la vie quotidienne, o\u00f9 les lieux communs de l\u2019existence post-moderne (du supermarch\u00e9 au road-trip familial), o\u00f9 les pseudo\u00e9vidences des traditions, comme celles de l\u2019habitude \u2013 danser, draguer, avoir des enfants ou pas \u2013 sont pass\u00e9s au r\u00e9v\u00e9lateur acide de la jeune autrice.<br>L\u2019exposition donne \u00e0 voir un large aper\u00e7u des travaux d\u2019Oriane Lassus, puisant dans son archive personnelle ou dans son blog, et dans les ouvrages qu\u2019elle a publi\u00e9s ces derni\u00e8res ann\u00e9es&nbsp;: <\/em>Sylvie pour la caisse 5<em> (\u00c9ditions H\u00e9catombe \/ coll. RVB, 2018, publication num\u00e9rique)&nbsp;; <\/em>Le Meilleurissime Repaire de la Terre <em>(\u00c9ditions Biscoto, 2017, pour les jeunes lecteurs)&nbsp;; <\/em>Quoi de plus normal qu\u2019infliger la vie&nbsp;?<em> (\u00c9ditions Arbitraire, 2016)&nbsp;; <\/em>Immobilerie Pointure<em>, (\u00c9ditions Super Structure, 2013)&nbsp;;<br><\/em>\u00c7a va derri\u00e8re&nbsp;? <em>(\u00c9ditions Vraoum, 2012).<br>Sc\u00e9nographie et production&nbsp;: Julien Rucheton \/ Chignole, en \u00e9troite collaboration avec les \u00e9tudiants de 2e ann\u00e9e pour la conception et le montage de l\u2019exposition.<br>Vifs remerciements \u00e0 la Fondation d\u2019entreprise Martell pour son soutien au prix de l\u2019\u00c9ESI.\u00a0\u00bb<\/em><\/p>\n","protected":false},"excerpt":{"rendered":"<p>C&rsquo;\u00e9tait expos\u00e9 dans la verri\u00e8re de l&rsquo;EESI Angoul\u00eame entre le 30 janvier et le 15 f\u00e9vrier 2020, et c&rsquo;\u00e9tait magnifique ! \u00ab\u00a0Depuis vingt-cinq ans, le Prix de l\u2019\u00c9cole europ\u00e9enne sup\u00e9rieure de l\u2019image distingue des autrices et auteurs \u2013 jeunes ou &hellip; <a href=\"https:\/\/www.arbitraire.fr\/actu\/2020\/02\/oriane-lassus-laureate-du-prix-de-leesi-2020\/\">Continuer la lecture <span class=\"meta-nav\">&rarr;<\/span><\/a><\/p>\n","protected":false},"author":1,"featured_media":0,"comment_status":"closed","ping_status":"open","sticky":false,"template":"","format":"standard","meta":[],"categories":[9,8,4],"tags":[79,241,233,148,77,81,220],"_links":{"self":[{"href":"https:\/\/www.arbitraire.fr\/actu\/wp-json\/wp\/v2\/posts\/1865"}],"collection":[{"href":"https:\/\/www.arbitraire.fr\/actu\/wp-json\/wp\/v2\/posts"}],"about":[{"href":"https:\/\/www.arbitraire.fr\/actu\/wp-json\/wp\/v2\/types\/post"}],"author":[{"embeddable":true,"href":"https:\/\/www.arbitraire.fr\/actu\/wp-json\/wp\/v2\/users\/1"}],"replies":[{"embeddable":true,"href":"https:\/\/www.arbitraire.fr\/actu\/wp-json\/wp\/v2\/comments?post=1865"}],"version-history":[{"count":8,"href":"https:\/\/www.arbitraire.fr\/actu\/wp-json\/wp\/v2\/posts\/1865\/revisions"}],"predecessor-version":[{"id":1874,"href":"https:\/\/www.arbitraire.fr\/actu\/wp-json\/wp\/v2\/posts\/1865\/revisions\/1874"}],"wp:attachment":[{"href":"https:\/\/www.arbitraire.fr\/actu\/wp-json\/wp\/v2\/media?parent=1865"}],"wp:term":[{"taxonomy":"category","embeddable":true,"href":"https:\/\/www.arbitraire.fr\/actu\/wp-json\/wp\/v2\/categories?post=1865"},{"taxonomy":"post_tag","embeddable":true,"href":"https:\/\/www.arbitraire.fr\/actu\/wp-json\/wp\/v2\/tags?post=1865"}],"curies":[{"name":"wp","href":"https:\/\/api.w.org\/{rel}","templated":true}]}}