{"id":1268,"date":"2017-09-05T11:37:16","date_gmt":"2017-09-05T09:37:16","guid":{"rendered":"http:\/\/www.arbitraire.fr\/actu\/?p=1268"},"modified":"2017-09-05T11:49:32","modified_gmt":"2017-09-05T09:49:32","slug":"les-nouvelles-arbitraire-septembre-2017","status":"publish","type":"post","link":"https:\/\/www.arbitraire.fr\/actu\/2017\/09\/les-nouvelles-arbitraire-septembre-2017\/","title":{"rendered":"Les Nouvelles Arbitraire &#8211; Septembre 2017"},"content":{"rendered":"<p style=\"text-align: center;\"><span style=\"color: #000000;\"><img decoding=\"async\" loading=\"lazy\" class=\"aligncenter size-full wp-image-1266\" src=\"http:\/\/www.arbitraire.fr\/actu\/wp-content\/uploads\/2013\/10\/titrenewsMai017-1.jpg\" alt=\"titrenewsMai017\" width=\"507\" height=\"63\" srcset=\"https:\/\/www.arbitraire.fr\/actu\/wp-content\/uploads\/2013\/10\/titrenewsMai017-1.jpg 507w, https:\/\/www.arbitraire.fr\/actu\/wp-content\/uploads\/2013\/10\/titrenewsMai017-1-300x37.jpg 300w\" sizes=\"(max-width: 507px) 100vw, 507px\" \/><\/span><\/p>\n<p style=\"text-align: center;\"><span style=\"color: #000000;\">On dirait bien que c&rsquo;est la rentr\u00e9e pour tout le monde !<br \/>\nAinsi, nous pouvons vous annoncer en ce d\u00e9but septembre que nous allons reprendre du service dans les mois \u00e0 venir.<br \/>\nLe planning s&rsquo;organise, les projets prennent forme&#8230; Ce sera pour bient\u00f4t.<br \/>\nEn attendant, vous pourrez nous retrouver \u00e0 Lausanne dans une dizaine de jours, pour l&rsquo;excellent\u00a0<a href=\"http:\/\/www.bdfil.ch\/\">BDFIL<\/a>, \u00e0 Lausanne (Suisse).<\/span><\/p>\n<p style=\"text-align: center;\"><span style=\"color: #000000;\"><img decoding=\"async\" loading=\"lazy\" class=\"aligncenter size-full wp-image-1197\" src=\"http:\/\/www.arbitraire.fr\/actu\/wp-content\/uploads\/2017\/01\/ligne.jpg\" alt=\"ligne\" width=\"4059\" height=\"216\" srcset=\"https:\/\/www.arbitraire.fr\/actu\/wp-content\/uploads\/2017\/01\/ligne.jpg 4059w, https:\/\/www.arbitraire.fr\/actu\/wp-content\/uploads\/2017\/01\/ligne-300x16.jpg 300w, https:\/\/www.arbitraire.fr\/actu\/wp-content\/uploads\/2017\/01\/ligne-768x41.jpg 768w, https:\/\/www.arbitraire.fr\/actu\/wp-content\/uploads\/2017\/01\/ligne-1024x54.jpg 1024w, https:\/\/www.arbitraire.fr\/actu\/wp-content\/uploads\/2017\/01\/ligne-600x32.jpg 600w\" sizes=\"(max-width: 4059px) 100vw, 4059px\" \/> <img decoding=\"async\" loading=\"lazy\" class=\"aligncenter size-full wp-image-1265\" src=\"http:\/\/www.arbitraire.fr\/actu\/wp-content\/uploads\/2013\/10\/rdv-1.jpg\" alt=\"rdv\" width=\"485\" height=\"99\" srcset=\"https:\/\/www.arbitraire.fr\/actu\/wp-content\/uploads\/2013\/10\/rdv-1.jpg 485w, https:\/\/www.arbitraire.fr\/actu\/wp-content\/uploads\/2013\/10\/rdv-1-300x61.jpg 300w\" sizes=\"(max-width: 485px) 100vw, 485px\" \/><\/span><\/p>\n<p style=\"text-align: center;\"><a href=\"http:\/\/www.bdfil.ch\/edition-2017\/espace-microedition\/\"><span style=\"color: #000000;\"><img decoding=\"async\" loading=\"lazy\" class=\"aligncenter wp-image-1263\" src=\"http:\/\/www.arbitraire.fr\/actu\/wp-content\/uploads\/2013\/10\/17862720_10212791832379461_3018467348538541198_n.jpg\" alt=\"17862720_10212791832379461_3018467348538541198_n\" width=\"339\" height=\"480\" srcset=\"https:\/\/www.arbitraire.fr\/actu\/wp-content\/uploads\/2013\/10\/17862720_10212791832379461_3018467348538541198_n.jpg 475w, https:\/\/www.arbitraire.fr\/actu\/wp-content\/uploads\/2013\/10\/17862720_10212791832379461_3018467348538541198_n-212x300.jpg 212w\" sizes=\"(max-width: 339px) 100vw, 339px\" \/><\/span><\/a><\/p>\n<p style=\"text-align: center;\"><span style=\"color: #000000;\"><strong><span style=\"color: #e673bf;\">&#8211; BDFIL 13\u00e8me festival de bande dessin\u00e9e de Lausanne &#8211;\u00a0<\/span><br \/>\n<span style=\"color: #e673bf;\">Place de la Cath\u00e9drale 12 I 1005 Lausanne (Suisse)<\/span><br \/>\n<\/strong><br \/>\n<strong>Du Jeudi 14 Septembre au Dimanche 17 Septembre 2017<\/strong><br \/>\nInvit\u00e9e d&rsquo;honneur : Anna Sommer<br \/>\nNous vous attendons dans l&rsquo;<a href=\"http:\/\/www.bdfil.ch\/edition-2017\/espace-microedition\/\">espace Micro\u00e9dition<\/a>, de jeudi \u00e0 dimanche !<br \/>\nVendredi 15 septembre : 10h-19h<br \/>\nSamedi 16 septembre : 10h-19h<br \/>\nDimanche 17 septembre: 10h-19h<br \/>\nProgramme complet\u00a0<a href=\"http:\/\/www.bdfil.ch\/\">ici<\/a>.<\/span><\/p>\n<p style=\"text-align: center;\"><span style=\"color: #000000;\"><img decoding=\"async\" loading=\"lazy\" class=\"size-full wp-image-1264\" src=\"http:\/\/www.arbitraire.fr\/actu\/wp-content\/uploads\/2013\/10\/bientot-1.jpg\" alt=\"bientot\" width=\"181\" height=\"64\" \/><\/span><\/p>\n","protected":false},"excerpt":{"rendered":"<p>On dirait bien que c&rsquo;est la rentr\u00e9e pour tout le monde ! Ainsi, nous pouvons vous annoncer en ce d\u00e9but septembre que nous allons reprendre du service dans les mois \u00e0 venir. Le planning s&rsquo;organise, les projets prennent forme&#8230; Ce &hellip; <a href=\"https:\/\/www.arbitraire.fr\/actu\/2017\/09\/les-nouvelles-arbitraire-septembre-2017\/\">Continuer la lecture <span class=\"meta-nav\">&rarr;<\/span><\/a><\/p>\n","protected":false},"author":1,"featured_media":0,"comment_status":"closed","ping_status":"open","sticky":false,"template":"","format":"standard","meta":[],"categories":[8],"tags":[143,16,144,145],"_links":{"self":[{"href":"https:\/\/www.arbitraire.fr\/actu\/wp-json\/wp\/v2\/posts\/1268"}],"collection":[{"href":"https:\/\/www.arbitraire.fr\/actu\/wp-json\/wp\/v2\/posts"}],"about":[{"href":"https:\/\/www.arbitraire.fr\/actu\/wp-json\/wp\/v2\/types\/post"}],"author":[{"embeddable":true,"href":"https:\/\/www.arbitraire.fr\/actu\/wp-json\/wp\/v2\/users\/1"}],"replies":[{"embeddable":true,"href":"https:\/\/www.arbitraire.fr\/actu\/wp-json\/wp\/v2\/comments?post=1268"}],"version-history":[{"count":2,"href":"https:\/\/www.arbitraire.fr\/actu\/wp-json\/wp\/v2\/posts\/1268\/revisions"}],"predecessor-version":[{"id":1270,"href":"https:\/\/www.arbitraire.fr\/actu\/wp-json\/wp\/v2\/posts\/1268\/revisions\/1270"}],"wp:attachment":[{"href":"https:\/\/www.arbitraire.fr\/actu\/wp-json\/wp\/v2\/media?parent=1268"}],"wp:term":[{"taxonomy":"category","embeddable":true,"href":"https:\/\/www.arbitraire.fr\/actu\/wp-json\/wp\/v2\/categories?post=1268"},{"taxonomy":"post_tag","embeddable":true,"href":"https:\/\/www.arbitraire.fr\/actu\/wp-json\/wp\/v2\/tags?post=1268"}],"curies":[{"name":"wp","href":"https:\/\/api.w.org\/{rel}","templated":true}]}}