{"id":1196,"date":"2017-01-24T13:11:46","date_gmt":"2017-01-24T12:11:46","guid":{"rendered":"http:\/\/www.arbitraire.fr\/actu\/?p=1196"},"modified":"2017-01-24T13:11:46","modified_gmt":"2017-01-24T12:11:46","slug":"les-nouvelles-arbitraire-janvier-2017","status":"publish","type":"post","link":"https:\/\/www.arbitraire.fr\/actu\/2017\/01\/les-nouvelles-arbitraire-janvier-2017\/","title":{"rendered":"Les Nouvelles Arbitraire &#8211; Janvier 2017"},"content":{"rendered":"<p><img decoding=\"async\" loading=\"lazy\" class=\"aligncenter size-full wp-image-1191\" src=\"http:\/\/www.arbitraire.fr\/actu\/wp-content\/uploads\/2013\/10\/titrenewsJanvier2017-1.jpg\" alt=\"titrenewsJanvier2017\" width=\"507\" height=\"163\" srcset=\"https:\/\/www.arbitraire.fr\/actu\/wp-content\/uploads\/2013\/10\/titrenewsJanvier2017-1.jpg 507w, https:\/\/www.arbitraire.fr\/actu\/wp-content\/uploads\/2013\/10\/titrenewsJanvier2017-1-300x96.jpg 300w\" sizes=\"(max-width: 507px) 100vw, 507px\" \/><\/p>\n<p style=\"text-align: center;\"><span style=\"color: #000000;\">En cette fin Janvier, retrouvez-nous au<a style=\"color: #000000;\" href=\"http:\/\/www.bdangouleme.com\/\"> festival d&rsquo;Angoul\u00eame<\/a>, <\/span><br \/>\n<span style=\"color: #000000;\">dans l&rsquo;espace alternatif (Place New-York)\u00a0avec des livres,\u00a0des images,<br \/>\ndes fanzines, <\/span><span style=\"color: #000000;\">des affiches&#8230;<br \/>\n<\/span><span style=\"color: #000000;\">Le d\u00e9tail ci-dessous !<\/span><\/p>\n<p style=\"text-align: center;\"><img decoding=\"async\" loading=\"lazy\" class=\"aligncenter  wp-image-411\" src=\"http:\/\/www.arbitraire.fr\/actu\/wp-content\/uploads\/2013\/10\/ligne1.jpg\" alt=\"ligne\" width=\"502\" height=\"27\" srcset=\"https:\/\/www.arbitraire.fr\/actu\/wp-content\/uploads\/2013\/10\/ligne1.jpg 4059w, https:\/\/www.arbitraire.fr\/actu\/wp-content\/uploads\/2013\/10\/ligne1-300x15.jpg 300w, https:\/\/www.arbitraire.fr\/actu\/wp-content\/uploads\/2013\/10\/ligne1-1024x54.jpg 1024w, https:\/\/www.arbitraire.fr\/actu\/wp-content\/uploads\/2013\/10\/ligne1-600x31.jpg 600w\" sizes=\"(max-width: 502px) 100vw, 502px\" \/><img decoding=\"async\" loading=\"lazy\" class=\"aligncenter size-full wp-image-422\" src=\"http:\/\/www.arbitraire.fr\/actu\/wp-content\/uploads\/2013\/10\/livres5.jpg\" alt=\"livres\" width=\"222\" height=\"47\" \/><\/p>\n<p style=\"text-align: center;\"><a href=\"http:\/\/www.arbitraire.fr\/livres_quoideplusnormal.php\" target=\"_blank\" rel=\"http:\/\/www.arbitraire.fr\/livres_quoideplusnormal.php\"><img decoding=\"async\" loading=\"lazy\" class=\"aligncenter wp-image-1187\" src=\"http:\/\/www.arbitraire.fr\/actu\/wp-content\/uploads\/2013\/10\/TotOriane2ndTirage.jpg\" alt=\"TotOriane2ndTirage\" width=\"510\" height=\"699\" srcset=\"https:\/\/www.arbitraire.fr\/actu\/wp-content\/uploads\/2013\/10\/TotOriane2ndTirage.jpg 1181w, https:\/\/www.arbitraire.fr\/actu\/wp-content\/uploads\/2013\/10\/TotOriane2ndTirage-219x300.jpg 219w, https:\/\/www.arbitraire.fr\/actu\/wp-content\/uploads\/2013\/10\/TotOriane2ndTirage-768x1052.jpg 768w, https:\/\/www.arbitraire.fr\/actu\/wp-content\/uploads\/2013\/10\/TotOriane2ndTirage-747x1024.jpg 747w, https:\/\/www.arbitraire.fr\/actu\/wp-content\/uploads\/2013\/10\/TotOriane2ndTirage-600x822.jpg 600w\" sizes=\"(max-width: 510px) 100vw, 510px\" \/><\/a><\/p>\n<p style=\"text-align: center;\"><span style=\"color: #000000;\">\u00c9puis\u00e9 depuis quelques mois maintenant,<br \/>\n\u00ab\u00a0<a style=\"color: #000000;\" href=\"http:\/\/www.arbitraire.fr\/livres_quoideplusnormal.php\">Quoi de plus normal qu&rsquo;infliger la vie ?<\/a>\u00a0\u00bb <\/span><span style=\"color: #000000;\">d&rsquo;<a style=\"color: #000000;\" href=\"http:\/\/spongiculture.net\/\">Oriane Lassus<\/a> revient !<br \/>\n<\/span><span style=\"color: #000000;\">Disponible d\u00e8s aujourd&rsquo;hui <a style=\"color: #000000;\" href=\"http:\/\/www.arbitraire.fr\/livres_quoideplusnormal.php\">sur notre site<\/a>, au Festival de la bande dessin\u00e9e d&rsquo;Angoul\u00eame <\/span><br \/>\n<span style=\"color: #000000;\">le week-end prochain, et courant f\u00e9vrier en librairies&#8230;<\/span><\/p>\n<p style=\"text-align: center;\"><a href=\"http:\/\/www.monde-diplomatique.fr\/mav\/150\/A\/56881\"><img decoding=\"async\" loading=\"lazy\" class=\"aligncenter wp-image-1190 size-full\" src=\"http:\/\/www.arbitraire.fr\/actu\/wp-content\/uploads\/2013\/10\/Capture-d\u2019e\u0301cran-2017-01-23-a\u0300-21.30.41.png\" alt=\"Capture d\u2019e\u0301cran 2017-01-23 a\u0300 21.30.41\" width=\"483\" height=\"342\" srcset=\"https:\/\/www.arbitraire.fr\/actu\/wp-content\/uploads\/2013\/10\/Capture-d\u2019e\u0301cran-2017-01-23-a\u0300-21.30.41.png 483w, https:\/\/www.arbitraire.fr\/actu\/wp-content\/uploads\/2013\/10\/Capture-d\u2019e\u0301cran-2017-01-23-a\u0300-21.30.41-300x212.png 300w\" sizes=\"(max-width: 483px) 100vw, 483px\" \/><\/a><img decoding=\"async\" loading=\"lazy\" class=\"aligncenter  wp-image-1197\" src=\"http:\/\/www.arbitraire.fr\/actu\/wp-content\/uploads\/2017\/01\/ligne.jpg\" alt=\"ligne\" width=\"503\" height=\"27\" srcset=\"https:\/\/www.arbitraire.fr\/actu\/wp-content\/uploads\/2017\/01\/ligne.jpg 4059w, https:\/\/www.arbitraire.fr\/actu\/wp-content\/uploads\/2017\/01\/ligne-300x16.jpg 300w, https:\/\/www.arbitraire.fr\/actu\/wp-content\/uploads\/2017\/01\/ligne-768x41.jpg 768w, https:\/\/www.arbitraire.fr\/actu\/wp-content\/uploads\/2017\/01\/ligne-1024x54.jpg 1024w, https:\/\/www.arbitraire.fr\/actu\/wp-content\/uploads\/2017\/01\/ligne-600x32.jpg 600w\" sizes=\"(max-width: 503px) 100vw, 503px\" \/> <img decoding=\"async\" loading=\"lazy\" class=\"aligncenter wp-image-721\" src=\"http:\/\/www.arbitraire.fr\/actu\/wp-content\/uploads\/2013\/10\/Affiches.jpg\" alt=\"Affiches\" width=\"174\" height=\"70\" srcset=\"https:\/\/www.arbitraire.fr\/actu\/wp-content\/uploads\/2013\/10\/Affiches.jpg 1061w, https:\/\/www.arbitraire.fr\/actu\/wp-content\/uploads\/2013\/10\/Affiches-300x121.jpg 300w, https:\/\/www.arbitraire.fr\/actu\/wp-content\/uploads\/2013\/10\/Affiches-1024x413.jpg 1024w, https:\/\/www.arbitraire.fr\/actu\/wp-content\/uploads\/2013\/10\/Affiches-600x242.jpg 600w\" sizes=\"(max-width: 174px) 100vw, 174px\" \/> <a href=\"http:\/\/www.arbitraire.fr\/affiches_BAAM.php\"><img decoding=\"async\" loading=\"lazy\" class=\"aligncenter wp-image-1195\" src=\"http:\/\/www.arbitraire.fr\/actu\/wp-content\/uploads\/2013\/10\/BaamTot-1.jpg\" alt=\"BaamTot\" width=\"510\" height=\"538\" srcset=\"https:\/\/www.arbitraire.fr\/actu\/wp-content\/uploads\/2013\/10\/BaamTot-1.jpg 1764w, https:\/\/www.arbitraire.fr\/actu\/wp-content\/uploads\/2013\/10\/BaamTot-1-284x300.jpg 284w, https:\/\/www.arbitraire.fr\/actu\/wp-content\/uploads\/2013\/10\/BaamTot-1-768x811.jpg 768w, https:\/\/www.arbitraire.fr\/actu\/wp-content\/uploads\/2013\/10\/BaamTot-1-970x1024.jpg 970w, https:\/\/www.arbitraire.fr\/actu\/wp-content\/uploads\/2013\/10\/BaamTot-1-600x633.jpg 600w\" sizes=\"(max-width: 510px) 100vw, 510px\" \/><\/a><\/p>\n<p class=\"align-center\" style=\"text-align: center;\"><span style=\"color: #000000;\"><strong>5 cartes s\u00e9rigraphi\u00e9es<\/strong><\/span><\/p>\n<p class=\"align-center\" style=\"text-align: center;\"><span style=\"color: #000000;\">\u00a021 cm x\u00a015 cm &#8211; Prix libre <\/span><br \/>\n<span style=\"color: #000000;\">( Montant minimum 1,05 &#8211; frais de port- )<br \/>\n<\/span><span style=\"color: #000000;\">&#8211; 5 cartes s\u00e9rigraphi\u00e9es 2 passages sur carton gris \/ Janvier 2017 &#8211;<\/span><\/p>\n<p class=\"align-center\" style=\"text-align: center;\"><span style=\"color: #000000;\"><strong><strong><a style=\"color: #000000;\" href=\"http:\/\/margauxduseigneur.blogspot.fr\/\">Margaux Duseigneur<\/a>,\u00a0<\/strong><a style=\"color: #000000;\" href=\"http:\/\/pierreferrero.tumblr.com\/\">Pierre Ferrero<\/a>,\u00a0<a style=\"color: #000000;\" href=\"http:\/\/spongiculture.net\/\">Oriane Lassus<\/a>,<br \/>\n<strong><a style=\"color: #000000;\" href=\"http:\/\/antoinemarchalot.tumblr.com\/\">\u00a0Antoine Marchalot<\/a>,\u00a0<\/strong><a style=\"color: #000000;\" href=\"http:\/\/arbitraire.fr\/auteurs_Renaud_Thomas.php\">Renaud Thomas<\/a>.<br \/>\n<\/strong><\/span><span style=\"color: #000000;\">L&rsquo;argent r\u00e9colt\u00e9 est int\u00e9gralement revers\u00e9 \u00e0 l&rsquo;Association BAAM <\/span><br \/>\n<span style=\"color: #000000;\">(Bureau d&rsquo;Accueil et d&rsquo;Accompagnement des Migrants).<\/span><br \/>\n<span style=\"color: #000000;\"><a style=\"color: #000000;\" href=\"http:\/\/baamasso.org\/fr\/\">http:\/\/baamasso.org\/fr\/<\/a><\/span><br \/>\n<span style=\"color: #000000;\">Parce qu&rsquo;\u00e0 l&rsquo;exclusion, aux fronti\u00e8res, \u00e0 l&rsquo;abandon et \u00e0 l&rsquo;hostilit\u00e9, <\/span><br \/>\n<span style=\"color: #000000;\">nous avons envie de r\u00e9pondre par un peu de solidarit\u00e9.\u00a0<\/span><br \/>\n<span style=\"color: #000000;\">&#8211; En commande <a style=\"color: #000000;\" href=\"http:\/\/www.arbitraire.fr\/affiches_BAAM.php\">ici<\/a> &#8211;<br \/>\n<\/span><span style=\"color: #000000;\">L&rsquo;association accepte aussi les dons :\u00a0<\/span><br \/>\n<span style=\"color: #000000;\"><a style=\"color: #000000;\" href=\"http:\/\/baamasso.org\/fr\/\">http:\/\/baamasso.org\/fr\/<\/a><\/span><\/p>\n<p class=\"align-center\" style=\"text-align: center;\"><img decoding=\"async\" loading=\"lazy\" class=\"aligncenter  wp-image-1197\" src=\"http:\/\/www.arbitraire.fr\/actu\/wp-content\/uploads\/2017\/01\/ligne.jpg\" alt=\"ligne\" width=\"503\" height=\"27\" srcset=\"https:\/\/www.arbitraire.fr\/actu\/wp-content\/uploads\/2017\/01\/ligne.jpg 4059w, https:\/\/www.arbitraire.fr\/actu\/wp-content\/uploads\/2017\/01\/ligne-300x16.jpg 300w, https:\/\/www.arbitraire.fr\/actu\/wp-content\/uploads\/2017\/01\/ligne-768x41.jpg 768w, https:\/\/www.arbitraire.fr\/actu\/wp-content\/uploads\/2017\/01\/ligne-1024x54.jpg 1024w, https:\/\/www.arbitraire.fr\/actu\/wp-content\/uploads\/2017\/01\/ligne-600x32.jpg 600w\" sizes=\"(max-width: 503px) 100vw, 503px\" \/> <img decoding=\"async\" loading=\"lazy\" class=\"aligncenter  wp-image-1185\" src=\"http:\/\/www.arbitraire.fr\/actu\/wp-content\/uploads\/2013\/10\/PosterAntoine.jpg\" alt=\"PosterAntoine\" width=\"510\" height=\"340\" srcset=\"https:\/\/www.arbitraire.fr\/actu\/wp-content\/uploads\/2013\/10\/PosterAntoine.jpg 6000w, https:\/\/www.arbitraire.fr\/actu\/wp-content\/uploads\/2013\/10\/PosterAntoine-300x200.jpg 300w, https:\/\/www.arbitraire.fr\/actu\/wp-content\/uploads\/2013\/10\/PosterAntoine-768x512.jpg 768w, https:\/\/www.arbitraire.fr\/actu\/wp-content\/uploads\/2013\/10\/PosterAntoine-1024x683.jpg 1024w, https:\/\/www.arbitraire.fr\/actu\/wp-content\/uploads\/2013\/10\/PosterAntoine-600x400.jpg 600w\" sizes=\"(max-width: 510px) 100vw, 510px\" \/><span style=\"color: #9a344a;\"><strong>&#8211; Hannibal franchissant les Monts d&rsquo;Arr\u00e9e <em>ou <\/em>Cheval mou dans un couchant violet &#8211;<\/strong><\/span><br \/>\nAntoine Marchalot<br \/>\n<span style=\"color: #9a344a;\">&#8211; Impression Offset 60 cm x 40 cm &#8211;<\/span><br \/>\n<span style=\"color: #9a344a;\"> 6 euros<\/span><\/p>\n<p class=\"align-center\" style=\"text-align: center;\"><img decoding=\"async\" loading=\"lazy\" class=\"aligncenter  wp-image-1197\" src=\"http:\/\/www.arbitraire.fr\/actu\/wp-content\/uploads\/2017\/01\/ligne.jpg\" alt=\"ligne\" width=\"503\" height=\"27\" srcset=\"https:\/\/www.arbitraire.fr\/actu\/wp-content\/uploads\/2017\/01\/ligne.jpg 4059w, https:\/\/www.arbitraire.fr\/actu\/wp-content\/uploads\/2017\/01\/ligne-300x16.jpg 300w, https:\/\/www.arbitraire.fr\/actu\/wp-content\/uploads\/2017\/01\/ligne-768x41.jpg 768w, https:\/\/www.arbitraire.fr\/actu\/wp-content\/uploads\/2017\/01\/ligne-1024x54.jpg 1024w, https:\/\/www.arbitraire.fr\/actu\/wp-content\/uploads\/2017\/01\/ligne-600x32.jpg 600w\" sizes=\"(max-width: 503px) 100vw, 503px\" \/> <img decoding=\"async\" loading=\"lazy\" class=\"aligncenter  wp-image-1189\" src=\"http:\/\/www.arbitraire.fr\/actu\/wp-content\/uploads\/2013\/10\/zine-300x159-1.jpg\" alt=\"zine-300x159\" width=\"110\" height=\"58\" \/> <img decoding=\"async\" loading=\"lazy\" class=\"aligncenter  wp-image-1194\" src=\"http:\/\/www.arbitraire.fr\/actu\/wp-content\/uploads\/2013\/10\/Le-Ski-le-Husky-et-le-Whisky_couv-5-copy-3.jpg\" alt=\"Le Ski, le Husky et le Whisky_couv 5 copy\" width=\"510\" height=\"697\" srcset=\"https:\/\/www.arbitraire.fr\/actu\/wp-content\/uploads\/2013\/10\/Le-Ski-le-Husky-et-le-Whisky_couv-5-copy-3.jpg 1121w, https:\/\/www.arbitraire.fr\/actu\/wp-content\/uploads\/2013\/10\/Le-Ski-le-Husky-et-le-Whisky_couv-5-copy-3-219x300.jpg 219w, https:\/\/www.arbitraire.fr\/actu\/wp-content\/uploads\/2013\/10\/Le-Ski-le-Husky-et-le-Whisky_couv-5-copy-3-768x1051.jpg 768w, https:\/\/www.arbitraire.fr\/actu\/wp-content\/uploads\/2013\/10\/Le-Ski-le-Husky-et-le-Whisky_couv-5-copy-3-748x1024.jpg 748w, https:\/\/www.arbitraire.fr\/actu\/wp-content\/uploads\/2013\/10\/Le-Ski-le-Husky-et-le-Whisky_couv-5-copy-3-600x821.jpg 600w\" sizes=\"(max-width: 510px) 100vw, 510px\" \/><\/p>\n<p class=\"align-center\" style=\"text-align: center;\"><strong>&#8211; Le ski, le husky et le whisky &#8211;<br \/>\n<\/strong>Antoine Marchalot<br \/>\n<strong>16,5 cm x 23,5 cm &#8211; 16 pages &#8211; N&amp;B<br \/>\n<\/strong><em>Le ski, le husky et le whisky,<\/em>\u00a0est un roman graphique qui d\u00e9peint la vie dans les lotissements.<\/p>\n<p><img decoding=\"async\" loading=\"lazy\" class=\"aligncenter  wp-image-1197\" src=\"http:\/\/www.arbitraire.fr\/actu\/wp-content\/uploads\/2017\/01\/ligne.jpg\" alt=\"ligne\" width=\"503\" height=\"27\" srcset=\"https:\/\/www.arbitraire.fr\/actu\/wp-content\/uploads\/2017\/01\/ligne.jpg 4059w, https:\/\/www.arbitraire.fr\/actu\/wp-content\/uploads\/2017\/01\/ligne-300x16.jpg 300w, https:\/\/www.arbitraire.fr\/actu\/wp-content\/uploads\/2017\/01\/ligne-768x41.jpg 768w, https:\/\/www.arbitraire.fr\/actu\/wp-content\/uploads\/2017\/01\/ligne-1024x54.jpg 1024w, https:\/\/www.arbitraire.fr\/actu\/wp-content\/uploads\/2017\/01\/ligne-600x32.jpg 600w\" sizes=\"(max-width: 503px) 100vw, 503px\" \/> <img decoding=\"async\" loading=\"lazy\" class=\"aligncenter  wp-image-1183\" src=\"http:\/\/www.arbitraire.fr\/actu\/wp-content\/uploads\/2013\/10\/CouvZineOriane.jpg\" alt=\"CouvZineOriane\" width=\"510\" height=\"723\" srcset=\"https:\/\/www.arbitraire.fr\/actu\/wp-content\/uploads\/2013\/10\/CouvZineOriane.jpg 1748w, https:\/\/www.arbitraire.fr\/actu\/wp-content\/uploads\/2013\/10\/CouvZineOriane-211x300.jpg 211w, https:\/\/www.arbitraire.fr\/actu\/wp-content\/uploads\/2013\/10\/CouvZineOriane-768x1090.jpg 768w, https:\/\/www.arbitraire.fr\/actu\/wp-content\/uploads\/2013\/10\/CouvZineOriane-722x1024.jpg 722w, https:\/\/www.arbitraire.fr\/actu\/wp-content\/uploads\/2013\/10\/CouvZineOriane-600x851.jpg 600w\" sizes=\"(max-width: 510px) 100vw, 510px\" \/><\/p>\n<p class=\"align-center\" style=\"text-align: center;\"><span style=\"color: #92dc31;\"><strong>&#8211; Premi\u00e8re fra\u00eecheur &#8211;<\/strong><\/span><br \/>\n<span style=\"color: #000000;\">Oriane Lassus<\/span><br \/>\n<span style=\"color: #92dc31;\"><strong>14,8 cm x 21 cm &#8211; 20 pages<br \/>\nN&amp;B \/ Couverture couleur<\/strong><\/span><\/p>\n<p class=\"align-center\"><img decoding=\"async\" loading=\"lazy\" class=\"aligncenter  wp-image-1197\" src=\"http:\/\/www.arbitraire.fr\/actu\/wp-content\/uploads\/2017\/01\/ligne.jpg\" alt=\"ligne\" width=\"503\" height=\"27\" srcset=\"https:\/\/www.arbitraire.fr\/actu\/wp-content\/uploads\/2017\/01\/ligne.jpg 4059w, https:\/\/www.arbitraire.fr\/actu\/wp-content\/uploads\/2017\/01\/ligne-300x16.jpg 300w, https:\/\/www.arbitraire.fr\/actu\/wp-content\/uploads\/2017\/01\/ligne-768x41.jpg 768w, https:\/\/www.arbitraire.fr\/actu\/wp-content\/uploads\/2017\/01\/ligne-1024x54.jpg 1024w, https:\/\/www.arbitraire.fr\/actu\/wp-content\/uploads\/2017\/01\/ligne-600x32.jpg 600w\" sizes=\"(max-width: 503px) 100vw, 503px\" \/> <img decoding=\"async\" loading=\"lazy\" class=\"aligncenter  wp-image-1182\" src=\"http:\/\/www.arbitraire.fr\/actu\/wp-content\/uploads\/2013\/10\/angougou.png\" alt=\"angougou\" width=\"289\" height=\"180\" srcset=\"https:\/\/www.arbitraire.fr\/actu\/wp-content\/uploads\/2013\/10\/angougou.png 632w, https:\/\/www.arbitraire.fr\/actu\/wp-content\/uploads\/2013\/10\/angougou-300x188.png 300w, https:\/\/www.arbitraire.fr\/actu\/wp-content\/uploads\/2013\/10\/angougou-600x375.png 600w\" sizes=\"(max-width: 289px) 100vw, 289px\" \/><\/p>\n<p class=\"align-center\" style=\"text-align: center;\"><span style=\"color: #000000;\"><strong><span style=\"color: #87b62c;\">Retrouvez-nous en Cit\u00e9 Angoumoisine pour le 44\u00e8me Festival International de la bande dessin\u00e9e d\u2019Angoul\u00eame.<\/span><br \/>\n<\/strong><\/span><span style=\"color: #000000;\">Comme \u00e0 notre habitude, nous vous attendrons<\/span><br \/>\n<span style=\"color: #000000;\"> dans l\u2019espace Bande dessin\u00e9e Alternative (Nouveau Monde).<\/span><br \/>\n<span style=\"color: #000000;\"> Ce sera du 26 au 29 Janvier 2016, programme complet disponible <a style=\"color: #000000;\" href=\"http:\/\/www.bdangouleme.com\/\">sur le site du festival<\/a>.<br \/>\n<\/span><span style=\"color: #87b62c;\"><strong>Et derri\u00e8re le stand : <\/strong><\/span><br \/>\n<span style=\"color: #87b62c;\"> <strong>&#8211; <a style=\"color: #87b62c;\" href=\"http:\/\/www.arbitraire.fr\/livres_Lespuissancesdelavenir2.php\">Renaud Thomas<\/a> \/ <a style=\"color: #87b62c;\" href=\"http:\/\/www.arbitraire.fr\/livres_quoideplusnormal.php\">Oriane Lassus<\/a> \/ <a style=\"color: #87b62c;\" href=\"http:\/\/www.arbitraire.fr\/livres_IsaacNeutron2.php\">Pierre Ferrero<\/a> \/ <a style=\"color: #87b62c;\" href=\"http:\/\/www.arbitraire.fr\/livres_Unvraiguerriernemeurtjamais.php\">Antoine Marchalot<\/a> &#8211;<\/strong><\/span><\/p>\n<p class=\"align-center\"><img decoding=\"async\" loading=\"lazy\" class=\"aligncenter  wp-image-1197\" src=\"http:\/\/www.arbitraire.fr\/actu\/wp-content\/uploads\/2017\/01\/ligne.jpg\" alt=\"ligne\" width=\"503\" height=\"27\" srcset=\"https:\/\/www.arbitraire.fr\/actu\/wp-content\/uploads\/2017\/01\/ligne.jpg 4059w, https:\/\/www.arbitraire.fr\/actu\/wp-content\/uploads\/2017\/01\/ligne-300x16.jpg 300w, https:\/\/www.arbitraire.fr\/actu\/wp-content\/uploads\/2017\/01\/ligne-768x41.jpg 768w, https:\/\/www.arbitraire.fr\/actu\/wp-content\/uploads\/2017\/01\/ligne-1024x54.jpg 1024w, https:\/\/www.arbitraire.fr\/actu\/wp-content\/uploads\/2017\/01\/ligne-600x32.jpg 600w\" sizes=\"(max-width: 503px) 100vw, 503px\" \/> <img decoding=\"async\" loading=\"lazy\" class=\"aligncenter size-full wp-image-997\" src=\"http:\/\/www.arbitraire.fr\/actu\/wp-content\/uploads\/2016\/05\/bientot.jpg\" alt=\"bientot\" width=\"181\" height=\"64\" \/><\/p>\n","protected":false},"excerpt":{"rendered":"<p>En cette fin Janvier, retrouvez-nous au festival d&rsquo;Angoul\u00eame, dans l&rsquo;espace alternatif (Place New-York)\u00a0avec des livres,\u00a0des images, des fanzines, des affiches&#8230; Le d\u00e9tail ci-dessous ! \u00c9puis\u00e9 depuis quelques mois maintenant, \u00ab\u00a0Quoi de plus normal qu&rsquo;infliger la vie ?\u00a0\u00bb d&rsquo;Oriane Lassus revient &hellip; <a href=\"https:\/\/www.arbitraire.fr\/actu\/2017\/01\/les-nouvelles-arbitraire-janvier-2017\/\">Continuer la lecture <span class=\"meta-nav\">&rarr;<\/span><\/a><\/p>\n","protected":false},"author":1,"featured_media":0,"comment_status":"closed","ping_status":"open","sticky":false,"template":"","format":"standard","meta":[],"categories":[8,4],"tags":[13,126,125,127,77,35,81,36],"_links":{"self":[{"href":"https:\/\/www.arbitraire.fr\/actu\/wp-json\/wp\/v2\/posts\/1196"}],"collection":[{"href":"https:\/\/www.arbitraire.fr\/actu\/wp-json\/wp\/v2\/posts"}],"about":[{"href":"https:\/\/www.arbitraire.fr\/actu\/wp-json\/wp\/v2\/types\/post"}],"author":[{"embeddable":true,"href":"https:\/\/www.arbitraire.fr\/actu\/wp-json\/wp\/v2\/users\/1"}],"replies":[{"embeddable":true,"href":"https:\/\/www.arbitraire.fr\/actu\/wp-json\/wp\/v2\/comments?post=1196"}],"version-history":[{"count":14,"href":"https:\/\/www.arbitraire.fr\/actu\/wp-json\/wp\/v2\/posts\/1196\/revisions"}],"predecessor-version":[{"id":1211,"href":"https:\/\/www.arbitraire.fr\/actu\/wp-json\/wp\/v2\/posts\/1196\/revisions\/1211"}],"wp:attachment":[{"href":"https:\/\/www.arbitraire.fr\/actu\/wp-json\/wp\/v2\/media?parent=1196"}],"wp:term":[{"taxonomy":"category","embeddable":true,"href":"https:\/\/www.arbitraire.fr\/actu\/wp-json\/wp\/v2\/categories?post=1196"},{"taxonomy":"post_tag","embeddable":true,"href":"https:\/\/www.arbitraire.fr\/actu\/wp-json\/wp\/v2\/tags?post=1196"}],"curies":[{"name":"wp","href":"https:\/\/api.w.org\/{rel}","templated":true}]}}