{"id":623,"date":"2015-06-09T18:00:35","date_gmt":"2015-06-09T16:00:35","guid":{"rendered":"http:\/\/www.arbitraire.fr\/actu\/?p=623"},"modified":"2016-05-06T12:20:26","modified_gmt":"2016-05-06T10:20:26","slug":"les-nouvelles-arbitraire-juin-2015","status":"publish","type":"post","link":"http:\/\/www.arbitraire.fr\/actu\/2015\/06\/les-nouvelles-arbitraire-juin-2015\/","title":{"rendered":"Les nouvelles Arbitraire &#8211; Juin 2015"},"content":{"rendered":"<p><img decoding=\"async\" loading=\"lazy\" class=\"aligncenter  wp-image-612\" src=\"http:\/\/www.arbitraire.fr\/actu\/wp-content\/uploads\/2013\/10\/titrenewsJUIN.jpg\" alt=\"titrenewsJUIN\" width=\"547\" height=\"173\" srcset=\"http:\/\/www.arbitraire.fr\/actu\/wp-content\/uploads\/2013\/10\/titrenewsJUIN.jpg 563w, http:\/\/www.arbitraire.fr\/actu\/wp-content\/uploads\/2013\/10\/titrenewsJUIN-300x95.jpg 300w\" sizes=\"(max-width: 547px) 100vw, 547px\" \/><\/p>\n<p style=\"text-align: center;\"><span style=\"color: #000000;\">Ce mois-ci en librairies, deux nouveaut\u00e9s Arbitraire<br \/>\net un p\u00e9riple\u00a0<\/span><span style=\"color: #000000;\">dans le sud !<br \/>\n<\/span>Le 11 Juin, retrouvez en librairies\u00a0\u00ab\u00a0Les Puissances de l&rsquo;avenir #2 &#8211; D\u00e9sert\u00a0\u00bb<br \/>\n<span style=\"color: #000000;\">de\u00a0<\/span><a style=\"color: #000000;\" href=\"http:\/\/arbitraire.fr\/auteurs_Renaud_Thomas.php\">Renaud Thomas<\/a><span style=\"color: #000000;\">, suite du\u00a0r\u00e9cit aux multiples pistes\u00a0<\/span><em>Zone Z<\/em><span style=\"color: #000000;\">\u00a0entam\u00e9<br \/>\ndans les revues Arbitraire 9 et 10, continu\u00e9 dans Les \u00ab\u00a0Puissances de l\u2019avenir #1\u00a0\u00bb,<br \/>\n<\/span><span style=\"color: #000000;\">d\u00e9tourn\u00e9 dans la revue Nicole (<\/span><a style=\"color: #000000;\" href=\"http:\/\/www.cornelius.fr\/\">Corn\u00e9lius<\/a><span style=\"color: #000000;\">), etc&#8230;.<br \/>\n<\/span><span style=\"color: #000000;\">Et le 25 Juin, \u00ab\u00a0Isaac Neutron, vers de nouveaux paradigmes intergalactiques\u00a0\u00bb de <\/span><a style=\"color: #000000;\" href=\"http:\/\/arbitraire.fr\/auteurs_Pier.php\">Pierre Ferrero<\/a><span style=\"color: #000000;\">,<br \/>\npr\u00e9-publi\u00e9 en partie dans la revue num\u00e9rique\u00a0<\/span><a style=\"color: #000000;\" href=\"http:\/\/www.professeurcyclope.fr\/\">Professeur Cyclope<\/a><span style=\"color: #000000;\">.<\/span><\/p>\n<p style=\"text-align: center;\"><span style=\"color: #000000;\">&#8211; Nous passerons ensuite par l&rsquo;H\u00e9rault, \u00e0 c\u00f4t\u00e9 de Montpellier, pour le<\/span><br \/>\n<span style=\"color: #000000;\"> <a style=\"color: #000000;\" href=\"http:\/\/www.polar-frontignan.org\/\">Festival International du Roman Noir<\/a> de Frontignan &#8211;<\/span><\/p>\n<p><span style=\"color: #000000;\"><img decoding=\"async\" loading=\"lazy\" class=\"size-full wp-image-411 aligncenter\" src=\"http:\/\/www.arbitraire.fr\/actu\/wp-content\/uploads\/2013\/10\/ligne1.jpg\" alt=\"ligne\" width=\"4059\" height=\"216\" srcset=\"http:\/\/www.arbitraire.fr\/actu\/wp-content\/uploads\/2013\/10\/ligne1.jpg 4059w, http:\/\/www.arbitraire.fr\/actu\/wp-content\/uploads\/2013\/10\/ligne1-300x15.jpg 300w, http:\/\/www.arbitraire.fr\/actu\/wp-content\/uploads\/2013\/10\/ligne1-1024x54.jpg 1024w, http:\/\/www.arbitraire.fr\/actu\/wp-content\/uploads\/2013\/10\/ligne1-600x31.jpg 600w\" sizes=\"(max-width: 4059px) 100vw, 4059px\" \/><img decoding=\"async\" loading=\"lazy\" class=\"aligncenter size-full wp-image-422\" src=\"http:\/\/www.arbitraire.fr\/actu\/wp-content\/uploads\/2013\/10\/livres5.jpg\" alt=\"livres\" width=\"222\" height=\"47\" \/><\/span><\/p>\n<p style=\"text-align: center;\"><strong>SORTIE LE 11 JUIN 2015<\/strong><\/p>\n<p style=\"text-align: center;\"><img decoding=\"async\" loading=\"lazy\" class=\"aligncenter wp-image-619\" src=\"http:\/\/www.arbitraire.fr\/actu\/wp-content\/uploads\/2013\/10\/couvRTtotal.jpg\" alt=\"couvRTtotal\" width=\"465\" height=\"322\" srcset=\"http:\/\/www.arbitraire.fr\/actu\/wp-content\/uploads\/2013\/10\/couvRTtotal.jpg 1200w, http:\/\/www.arbitraire.fr\/actu\/wp-content\/uploads\/2013\/10\/couvRTtotal-300x209.jpg 300w, http:\/\/www.arbitraire.fr\/actu\/wp-content\/uploads\/2013\/10\/couvRTtotal-1024x712.jpg 1024w, http:\/\/www.arbitraire.fr\/actu\/wp-content\/uploads\/2013\/10\/couvRTtotal-600x417.jpg 600w\" sizes=\"(max-width: 465px) 100vw, 465px\" \/><\/p>\n<p style=\"text-align: center;\"><span style=\"color: #000000;\"><span style=\"color: #b13f0b;\"><strong>Les Puissances de l\u2019avenir #2 &#8211; D\u00e9sert<br \/>\n<\/strong><\/span><strong><span style=\"color: #b13f0b;\">Renaud Thomas<\/span><br \/>\n<\/strong>Juin 2015 \/ ISBN 978-2-918553-16-8<\/span><br \/>\n<span style=\"text-align: center; color: #000000;\">48 pages \/ 18&#215;25 cm \/ 10 \u20ac<\/span><\/p>\n<p style=\"text-align: center;\"><span style=\"color: #b13f0b;\"> <strong>48 pages int\u00e9rieur noir + livret 28 pages +<br \/>\nd\u00e9pliant explosif &#8211; couverture s\u00e9rigraphi\u00e9e 4 passages<br \/>\n<\/strong><strong>&#8211; Collection Atome &#8211;<\/strong><\/span><\/p>\n<p><span style=\"color: #000000;\">Avec ce second opus des Puissances de l\u2019Avenir, Renaud Thomas continue le r\u00e9cit de <em>Zone Z<\/em>entam\u00e9 dans les revues Arbitraire 9 et 10,<br \/>\npoursuivi dans le premier opus, d\u00e9tourn\u00e9 dans la revue Nicole (Corn\u00e9lius), etc&#8230;<\/span><br \/>\n<span style=\"color: #000000;\"> <em>\u00ab\u00a0Et si on rentrait pas chez nous et qu\u2019on allait faire un tour ?\u00a0\u00bb<\/em> Partant de l\u00e0, deux camarades se retrouvent \u00e0 d\u00e9ambuler au hasard dans une ville de t\u00f4le et de b\u00e9ton o\u00f9 se c\u00f4toient entrep\u00f4ts vides, b\u00e2timents en construction et v\u00e9g\u00e9tation sauvage. Au fil de leurs diff\u00e9rentes rencontres avec les \u00eatres qui vivent et survivent dans ces rues, ils plongeront au plus profond de ce monde griffonn\u00e9 o\u00f9 ils d\u00e9couvriront Hic Sunt Leones, un territoire o\u00f9 chaque pas cartographie de nouveaux potentiels.<\/span><\/p>\n<p class=\"p1 align-left\"><span style=\"color: #000000;\">Une histoire aux multiples pistes\u2026 \u00c0 suivre.<\/span><\/p>\n<p class=\"align-center\" style=\"text-align: center;\"><span style=\"color: #b13f0b;\"><strong>\u00a0&#8211; Comix accompagn\u00e9 d\u2019un livret de 28 pages r\u00e9alis\u00e9 durant les 24 heures de la bande dessin\u00e9e de Besan\u00e7on en 2014 &#8211;<\/strong><\/span><\/p>\n<p class=\"align-left\"><a href=\"http:\/\/arbitraire.fr\/auteurs_Renaud_Thomas.php\">http:\/\/arbitraire.fr\/auteurs_Renaud_Thomas.php<\/a><\/p>\n<p class=\"align-center\" style=\"text-align: center;\">\u00a0&#8211; Bient\u00f4t disponible \u00e0 la commande <a href=\"http:\/\/www.arbitraire.fr\/livres_Lespuissancesdelavenir2d%C3%A9sert.php\">ici<\/a> &#8211;<\/p>\n<p style=\"text-align: center;\"><img decoding=\"async\" loading=\"lazy\" class=\"aligncenter size-full wp-image-616\" src=\"http:\/\/www.arbitraire.fr\/actu\/wp-content\/uploads\/2013\/10\/RTpuiss2-A.jpg\" alt=\"RTpuiss2 A\" width=\"600\" height=\"1445\" srcset=\"http:\/\/www.arbitraire.fr\/actu\/wp-content\/uploads\/2013\/10\/RTpuiss2-A.jpg 600w, http:\/\/www.arbitraire.fr\/actu\/wp-content\/uploads\/2013\/10\/RTpuiss2-A-125x300.jpg 125w, http:\/\/www.arbitraire.fr\/actu\/wp-content\/uploads\/2013\/10\/RTpuiss2-A-425x1024.jpg 425w\" sizes=\"(max-width: 600px) 100vw, 600px\" \/><img decoding=\"async\" loading=\"lazy\" class=\"aligncenter size-full wp-image-621\" src=\"http:\/\/www.arbitraire.fr\/actu\/wp-content\/uploads\/2013\/10\/RTpuiss2-B1.jpg\" alt=\"RTpuiss2 B\" width=\"600\" height=\"1256\" srcset=\"http:\/\/www.arbitraire.fr\/actu\/wp-content\/uploads\/2013\/10\/RTpuiss2-B1.jpg 600w, http:\/\/www.arbitraire.fr\/actu\/wp-content\/uploads\/2013\/10\/RTpuiss2-B1-143x300.jpg 143w, http:\/\/www.arbitraire.fr\/actu\/wp-content\/uploads\/2013\/10\/RTpuiss2-B1-489x1024.jpg 489w\" sizes=\"(max-width: 600px) 100vw, 600px\" \/><\/p>\n<p style=\"text-align: center;\"><img decoding=\"async\" loading=\"lazy\" class=\"aligncenter size-full wp-image-411\" src=\"http:\/\/www.arbitraire.fr\/actu\/wp-content\/uploads\/2013\/10\/ligne1.jpg\" alt=\"ligne\" width=\"4059\" height=\"216\" srcset=\"http:\/\/www.arbitraire.fr\/actu\/wp-content\/uploads\/2013\/10\/ligne1.jpg 4059w, http:\/\/www.arbitraire.fr\/actu\/wp-content\/uploads\/2013\/10\/ligne1-300x15.jpg 300w, http:\/\/www.arbitraire.fr\/actu\/wp-content\/uploads\/2013\/10\/ligne1-1024x54.jpg 1024w, http:\/\/www.arbitraire.fr\/actu\/wp-content\/uploads\/2013\/10\/ligne1-600x31.jpg 600w\" sizes=\"(max-width: 4059px) 100vw, 4059px\" \/><\/p>\n<p style=\"text-align: center;\"><strong>SORTIE LE 25 JUIN 2015<\/strong><\/p>\n<p style=\"text-align: center;\"><img decoding=\"async\" loading=\"lazy\" class=\"aligncenter wp-image-581\" src=\"http:\/\/www.arbitraire.fr\/actu\/wp-content\/uploads\/2013\/10\/couvfaceweb.jpg\" alt=\"couvfaceweb\" width=\"401\" height=\"315\" srcset=\"http:\/\/www.arbitraire.fr\/actu\/wp-content\/uploads\/2013\/10\/couvfaceweb.jpg 1240w, http:\/\/www.arbitraire.fr\/actu\/wp-content\/uploads\/2013\/10\/couvfaceweb-300x236.jpg 300w, http:\/\/www.arbitraire.fr\/actu\/wp-content\/uploads\/2013\/10\/couvfaceweb-1024x804.jpg 1024w, http:\/\/www.arbitraire.fr\/actu\/wp-content\/uploads\/2013\/10\/couvfaceweb-600x471.jpg 600w\" sizes=\"(max-width: 401px) 100vw, 401px\" \/><\/p>\n<p class=\"align-center\" style=\"text-align: center;\"><span style=\"color: #69826f;\"><strong>ISAAC NEUTRON, vers de nouveaux paradigmes galactiques<\/strong><\/span><br \/>\n<span style=\"color: #69826f;\"> <strong>Pierre Ferrero<\/strong><\/span><br \/>\nJuin 2015 \/ ISBN 978-2-918553-15-1<br \/>\n48 pages \/ 20 x 16,5 cm \/ 15\u20ac<br \/>\n<span style=\"color: #69826f;\"><strong>Impression int\u00e9rieure et couverture :<br \/>\noffset couleur &#8211; Dos carr\u00e9 coll\u00e9<\/strong><\/span><br \/>\n<span style=\"color: #69826f;\"> <strong>&#8211; Hors-collection &#8211;<\/strong><\/span><\/p>\n<p><span style=\"color: #000000;\">\u00ab\u00a0Isaac Neutron, vers de nouveaux paradigmes galactiques\u00a0\u00bb est un recueil de quatre histoires de Isaac publi\u00e9es en 2014 dans la revue num\u00e9rique Professeur Cyclope. Entre des trips intergalactiques, des voyages au N\u00e9pal ou dans un frigo, le protagoniste explore d\u2019autres mondes ainsi que ses propres \u00e9checs.<\/span><br \/>\n<span style=\"color: #000000;\"> L\u2019originalit\u00e9 de Pierre Ferrero ne tient pas seulement \u00e0 un trait \u00e9tonnant, nouveau et d\u00e9termin\u00e9, une colorisation <span style=\"color: #162e30;\">\u00e9bouriffante,<\/span> des angles de vue impossibles et des perspectives donnant le tournis. Chez lui, la langue est r\u00e9solument contemporaine et ne s\u2019embarrasse pas des conventions et de la biens\u00e9ance. Il \u00e9tait temps que le registre familier trouve quelqu\u2019un pour jouer intelligemment avec lui.<\/span><\/p>\n<p><span style=\"color: #000000;\"><a style=\"color: #000000;\" href=\"http:\/\/pierreferrero.tumblr.com\/\">http:\/\/pierreferrero.tumblr.com\/<\/a><\/span><br \/>\n<span style=\"color: #000000;\"> <a style=\"color: #000000;\" href=\"http:\/\/pierferrero.blogspot.fr\/\">http:\/\/pierferrero.blogspot.fr\/<\/a><\/span><br \/>\n<span style=\"color: #000000;\"> <a style=\"color: #000000;\" href=\"https:\/\/www.facebook.com\/neutronisaac\">http:\/\/www.facebook.com\/neutronisaac<\/a><\/span><\/p>\n<p><img decoding=\"async\" loading=\"lazy\" class=\"aligncenter size-full wp-image-411\" src=\"http:\/\/www.arbitraire.fr\/actu\/wp-content\/uploads\/2013\/10\/ligne1.jpg\" alt=\"ligne\" width=\"4059\" height=\"216\" srcset=\"http:\/\/www.arbitraire.fr\/actu\/wp-content\/uploads\/2013\/10\/ligne1.jpg 4059w, http:\/\/www.arbitraire.fr\/actu\/wp-content\/uploads\/2013\/10\/ligne1-300x15.jpg 300w, http:\/\/www.arbitraire.fr\/actu\/wp-content\/uploads\/2013\/10\/ligne1-1024x54.jpg 1024w, http:\/\/www.arbitraire.fr\/actu\/wp-content\/uploads\/2013\/10\/ligne1-600x31.jpg 600w\" sizes=\"(max-width: 4059px) 100vw, 4059px\" \/><\/p>\n<p style=\"text-align: center;\"><strong>REMISE EN VENTE EN LIBRAIRIE &#8211; 11 JUIN 2015<\/strong><\/p>\n<p style=\"text-align: center;\"><a href=\"http:\/\/www.arbitraire.fr\/livres_CodexComique.php\"><img decoding=\"async\" loading=\"lazy\" class=\"aligncenter wp-image-584\" src=\"http:\/\/www.arbitraire.fr\/actu\/wp-content\/uploads\/2013\/10\/codex-comique-couverture-promo-web.jpg\" alt=\"codex comique couverture promo web\" width=\"337\" height=\"488\" srcset=\"http:\/\/www.arbitraire.fr\/actu\/wp-content\/uploads\/2013\/10\/codex-comique-couverture-promo-web.jpg 442w, http:\/\/www.arbitraire.fr\/actu\/wp-content\/uploads\/2013\/10\/codex-comique-couverture-promo-web-207x300.jpg 207w\" sizes=\"(max-width: 337px) 100vw, 337px\" \/><\/a><\/p>\n<p style=\"text-align: center;\"><span style=\"color: #162e30;\"><strong>Codex Comique<br \/>\n<\/strong><\/span><strong><span style=\"color: #162e30;\">Dan Rhett<\/span><br \/>\n<\/strong>Janvier 2013 \/\u00a0ISBN 978-2-918553-08-3<br \/>\n15x22cm \/ 176 pages n&amp;b offset \/ 13 \u20ac<br \/>\n<span style=\"color: #162e30;\"><strong>couverture cartonn\u00e9e, reliure toil\u00e9e<br \/>\n<\/strong><strong><strong>&#8211; Collection \u00c9toile &#8211;<\/strong><\/strong><\/span><\/p>\n<p style=\"text-align: left;\"><span style=\"color: #000000;\">\u00ab\u00a0<a style=\"color: #000000;\" href=\"http:\/\/www.arbitraire.fr\/livres_CodexComique.php\">Codex Comique<\/a>\u00a0\u00bb rassemble deux titres auto-publi\u00e9s par l&rsquo;auteur en langue anglaise, \u00ab\u00a0Danz Comix Digest\u00a0\u00bb et \u00ab\u00a0Codex Danier\u00a0\u00bb, avec une demi-douzaine d&rsquo;histoires en bande dessin\u00e9e datant de 2006 \u00e0 2009. L&rsquo;auteur d\u00e9voile dans ces pages un peu de sa mythologie personnelle, avec un humour loufoque et des histoires truff\u00e9es de personnages mi-humains mi-autre-chose qui s&#8217;embarquent dans des qu\u00eates pas moins \u00e9tranges.<\/span><br \/>\n<span style=\"color: #000000;\"> Son dessin au trait, primitif et direct semble sortir tout seul et lui permet d&rsquo;enchainer les situations avec jubilation, de tordre l&rsquo;histoire dans tous les sens et de l&rsquo;arr\u00eater quand le but est atteint, ou presque.<\/span><br \/>\n<span style=\"color: #000000;\"> Parfois, un petit barbu \u00e0 lunettes et chapeau souhaite former une \u00e9quipe de super-h\u00e9ros avec quelques personnes rencontr\u00e9es dans la rue, dans le but de leur faire d\u00e9clamer des ha\u00efkus sur le toit de sa maison. Un homme-cochon-garou sera \u00e0 deux doigts de rejoindre l&rsquo;\u00e9quipe, mais sa transformation inattendue en plein milieu d&rsquo;un restaurant le fera devenir la premi\u00e8re personne \u00e0 b\u00e9n\u00e9ficier de l&rsquo;aide de ces dr\u00f4les de bienfaiteurs.<\/span><br \/>\n<span style=\"color: #000000;\"> Une autre fois, trois personnages regardent tranquillement la t\u00e9l\u00e9 quand surgit d&rsquo;un passage inter-dimensionnel un gnome poursuivi par de vils mini-magiciens \u00e0 matraques qui emm\u00e8nent tout le monde dans des prisons en forme de coquillage, sur la lune.<\/span><br \/>\n<span style=\"color: #000000;\"> Heureusement, un spectre qui se fait appeler \u00ab Le Ciseleur \u00bb les aide \u00e0 retrouver la libert\u00e9. \u00c0 leur retour sur Terre, les rues sont jonch\u00e9es de soldats ayant vomi partout.<\/span><\/p>\n<p><span style=\"color: #000000;\"><a style=\"color: #000000;\" href=\"http:\/\/www.cafe64.net\/\">http:\/\/www.cafe64.net\/<\/a><\/span><\/p>\n<p style=\"text-align: center;\"><span style=\"color: #000000;\"><img decoding=\"async\" loading=\"lazy\" class=\"aligncenter size-full wp-image-411\" src=\"http:\/\/www.arbitraire.fr\/actu\/wp-content\/uploads\/2013\/10\/ligne1.jpg\" alt=\"ligne\" width=\"4059\" height=\"216\" srcset=\"http:\/\/www.arbitraire.fr\/actu\/wp-content\/uploads\/2013\/10\/ligne1.jpg 4059w, http:\/\/www.arbitraire.fr\/actu\/wp-content\/uploads\/2013\/10\/ligne1-300x15.jpg 300w, http:\/\/www.arbitraire.fr\/actu\/wp-content\/uploads\/2013\/10\/ligne1-1024x54.jpg 1024w, http:\/\/www.arbitraire.fr\/actu\/wp-content\/uploads\/2013\/10\/ligne1-600x31.jpg 600w\" sizes=\"(max-width: 4059px) 100vw, 4059px\" \/><img decoding=\"async\" loading=\"lazy\" class=\"aligncenter size-full wp-image-547\" src=\"http:\/\/www.arbitraire.fr\/actu\/wp-content\/uploads\/2013\/10\/unnamed.jpeg\" alt=\"unnamed\" width=\"477\" height=\"50\" srcset=\"http:\/\/www.arbitraire.fr\/actu\/wp-content\/uploads\/2013\/10\/unnamed.jpeg 477w, http:\/\/www.arbitraire.fr\/actu\/wp-content\/uploads\/2013\/10\/unnamed-300x31.jpeg 300w\" sizes=\"(max-width: 477px) 100vw, 477px\" \/><a href=\"http:\/\/www.arbitraire.fr\/livres_Norak.php\"><img decoding=\"async\" loading=\"lazy\" class=\"aligncenter wp-image-543\" src=\"http:\/\/www.arbitraire.fr\/actu\/wp-content\/uploads\/2013\/10\/JM-Bertoyas-Norak3.jpg\" alt=\"JM Bertoyas - Norak\" width=\"360\" height=\"502\" srcset=\"http:\/\/www.arbitraire.fr\/actu\/wp-content\/uploads\/2013\/10\/JM-Bertoyas-Norak3.jpg 2119w, http:\/\/www.arbitraire.fr\/actu\/wp-content\/uploads\/2013\/10\/JM-Bertoyas-Norak3-215x300.jpg 215w, http:\/\/www.arbitraire.fr\/actu\/wp-content\/uploads\/2013\/10\/JM-Bertoyas-Norak3-735x1024.jpg 735w, http:\/\/www.arbitraire.fr\/actu\/wp-content\/uploads\/2013\/10\/JM-Bertoyas-Norak3-600x836.jpg 600w\" sizes=\"(max-width: 360px) 100vw, 360px\" \/><\/a><span style=\"color: #e64d24;\"><strong>Norak, Le fils de Parzan<br \/>\nJ.M. Bertoyas<\/strong><\/span><\/span><br \/>\n<span style=\"color: #162e30;\"> 56 pages \/ 18 x 25 cm \/ 10\u20ac<\/span><br \/>\n<span style=\"color: #e64d24;\"> <strong>Impression int\u00e9rieure Riso noire<\/strong><\/span><br \/>\n<span style=\"color: #e64d24;\"> <strong>Couverture s\u00e9rigraphi\u00e9e 4 passages<\/strong><\/span><br \/>\n<span style=\"color: #e64d24;\"> <strong>&#8211; Collection Atome &#8211;<\/strong><\/span><\/p>\n<p style=\"text-align: center;\"><strong><span style=\"color: #000000;\">Derniers exemplaires en commande<\/span> <a href=\"http:\/\/www.arbitraire.fr\/livres_Norak.php\">ici<\/a><\/strong><\/p>\n<p style=\"text-align: center;\"><img decoding=\"async\" loading=\"lazy\" class=\"aligncenter size-full wp-image-411\" src=\"http:\/\/www.arbitraire.fr\/actu\/wp-content\/uploads\/2013\/10\/ligne1.jpg\" alt=\"ligne\" width=\"4059\" height=\"216\" srcset=\"http:\/\/www.arbitraire.fr\/actu\/wp-content\/uploads\/2013\/10\/ligne1.jpg 4059w, http:\/\/www.arbitraire.fr\/actu\/wp-content\/uploads\/2013\/10\/ligne1-300x15.jpg 300w, http:\/\/www.arbitraire.fr\/actu\/wp-content\/uploads\/2013\/10\/ligne1-1024x54.jpg 1024w, http:\/\/www.arbitraire.fr\/actu\/wp-content\/uploads\/2013\/10\/ligne1-600x31.jpg 600w\" sizes=\"(max-width: 4059px) 100vw, 4059px\" \/><a href=\"http:\/\/www.arbitraire.fr\/livres_Sainteabs.php\"><img decoding=\"async\" loading=\"lazy\" class=\"aligncenter wp-image-542\" src=\"http:\/\/www.arbitraire.fr\/actu\/wp-content\/uploads\/2013\/10\/JC-Menu-Sainte-Abs4.jpg\" alt=\"JC Menu - Sainte Abs\" width=\"330\" height=\"467\" srcset=\"http:\/\/www.arbitraire.fr\/actu\/wp-content\/uploads\/2013\/10\/JC-Menu-Sainte-Abs4.jpg 1128w, http:\/\/www.arbitraire.fr\/actu\/wp-content\/uploads\/2013\/10\/JC-Menu-Sainte-Abs4-212x300.jpg 212w, http:\/\/www.arbitraire.fr\/actu\/wp-content\/uploads\/2013\/10\/JC-Menu-Sainte-Abs4-725x1024.jpg 725w, http:\/\/www.arbitraire.fr\/actu\/wp-content\/uploads\/2013\/10\/JC-Menu-Sainte-Abs4-600x848.jpg 600w\" sizes=\"(max-width: 330px) 100vw, 330px\" \/><\/a><\/p>\n<p class=\"p1 align-center\" style=\"text-align: center;\"><span style=\"color: #aa331d;\"><strong>Sainte Abs<br \/>\nJ.C. Menu<\/strong><\/span><br \/>\n28 pages \/ 9,5 x 13,5 cm \/ 4\u20ac<br \/>\n<span style=\"color: #aa331d;\"><strong>Impression int\u00e9rieure noire<\/strong><\/span><br \/>\n<span style=\"color: #aa331d;\"> <strong>Couverture s\u00e9rigraphi\u00e9e 4 passages<\/strong><\/span><\/p>\n<p class=\"align-center\" style=\"text-align: center;\"><strong><span style=\"color: #ff0000;\">RETIRAGE EN COURS<\/span><br \/>\nDerniers exemplaires en commande\u00a0<a href=\"http:\/\/www.arbitraire.fr\/livres_Sainteabs.php\">ici<img decoding=\"async\" loading=\"lazy\" class=\"aligncenter size-full wp-image-411\" src=\"http:\/\/www.arbitraire.fr\/actu\/wp-content\/uploads\/2013\/10\/ligne1.jpg\" alt=\"ligne\" width=\"4059\" height=\"216\" srcset=\"http:\/\/www.arbitraire.fr\/actu\/wp-content\/uploads\/2013\/10\/ligne1.jpg 4059w, http:\/\/www.arbitraire.fr\/actu\/wp-content\/uploads\/2013\/10\/ligne1-300x15.jpg 300w, http:\/\/www.arbitraire.fr\/actu\/wp-content\/uploads\/2013\/10\/ligne1-1024x54.jpg 1024w, http:\/\/www.arbitraire.fr\/actu\/wp-content\/uploads\/2013\/10\/ligne1-600x31.jpg 600w\" sizes=\"(max-width: 4059px) 100vw, 4059px\" \/> <img decoding=\"async\" loading=\"lazy\" class=\"aligncenter size-full wp-image-424\" src=\"http:\/\/www.arbitraire.fr\/actu\/wp-content\/uploads\/2013\/10\/rdv4.jpg\" alt=\"rdv\" width=\"485\" height=\"99\" srcset=\"http:\/\/www.arbitraire.fr\/actu\/wp-content\/uploads\/2013\/10\/rdv4.jpg 485w, http:\/\/www.arbitraire.fr\/actu\/wp-content\/uploads\/2013\/10\/rdv4-300x61.jpg 300w\" sizes=\"(max-width: 485px) 100vw, 485px\" \/><\/a><\/strong><\/p>\n<p style=\"text-align: center;\"><img decoding=\"async\" loading=\"lazy\" class=\"aligncenter size-full wp-image-613\" src=\"http:\/\/www.arbitraire.fr\/actu\/wp-content\/uploads\/2013\/10\/FIRN_visuel_FESTIVAL_2015_small.png\" alt=\"FIRN_visuel_FESTIVAL_2015_small\" width=\"145\" height=\"193\" \/><\/p>\n<p style=\"text-align: left;\"><span style=\"color: #000000;\">Nous serons pr\u00e9sents au<a style=\"color: #000000;\" href=\"http:\/\/www.polar-frontignan.org\/\"> Festival International du Roman Noir<\/a>\u00a0de Frontignan\u00a0(H\u00e9rault) les vendredi 26 &#8211; samedi 27 &#8211; dimanche 28 Juin 2015, de 10h \u00e0 19 h !<\/span><\/p>\n<p><span style=\"color: #000000;\">Retrouvez Renaud Thomas et le tout frais \u00ab\u00a0Les Puissances de l&rsquo;Avenir &#8211; D\u00e9sert\u00a0\u00bb derri\u00e8re le stand.<\/span><br \/>\n<span style=\"color: #000000;\"> Programmation compl\u00e8te :\u00a0<a style=\"color: #000000;\" href=\"http:\/\/www.polar-frontignan.org\/\">http:\/\/www.polar-frontignan.org\/<\/a><\/span><\/p>\n<p style=\"text-align: left;\"><img decoding=\"async\" loading=\"lazy\" class=\"aligncenter size-full wp-image-395\" src=\"http:\/\/www.arbitraire.fr\/actu\/wp-content\/uploads\/2013\/10\/bientot4.jpg\" alt=\"bientot\" width=\"181\" height=\"64\" \/><\/p>\n<p class=\"align-center\" style=\"text-align: center;\"><span style=\"color: #000000;\"><strong>Pour vous tenir au courant de nos actualit\u00e9s ou acheter nos livres, visitez\u00a0<a style=\"color: #000000;\" href=\"http:\/\/www.arbitraire.fr\/\">www.arbitraire.fr<\/a>\u00a0ainsi que notre page\u00a0<a style=\"color: #000000;\" href=\"https:\/\/www.facebook.com\/arbitraire?fref=ts\">Facebook<\/a>. <\/strong><strong><br \/>\n<\/strong><\/span><\/p>\n<p class=\"align-center\" style=\"text-align: center;\"><span style=\"color: #000000;\"><strong>Pour toute information suppl\u00e9mentaire, n&rsquo;h\u00e9sitez pas \u00e0 contacter :<\/strong><\/span><br \/>\n<span style=\"color: #000000;\"> Juliette Salique\u00a0(<a style=\"color: #000000;\" href=\"mailto:juliette@arbitraire.fr\">juliette@arbitraire.fr<\/a>)\u00a0qui se fera un plaisir de vous renseigner ou de vous aiguiller vers qui de droit.<\/span><\/p>\n<p class=\"align-center\" style=\"text-align: center;\"><span style=\"color: #000000;\"><strong>Diffusion \/ Distribution : <a style=\"color: #000000;\" href=\"http:\/\/www.makassar-diffusion.com\/\">MAKASSAR<\/a><\/strong><\/span><\/p>\n<p style=\"text-align: left;\"><img decoding=\"async\" loading=\"lazy\" class=\"aligncenter size-full wp-image-336\" src=\"http:\/\/www.arbitraire.fr\/actu\/wp-content\/uploads\/2013\/10\/MakassarLogo1.jpg\" alt=\"MakassarLogo\" width=\"248\" height=\"90\" \/><\/p>\n<p><\/p>\n<p style='text-align: center;'>\n  <i><br \/>\n    <b style='color: #f90;'><br \/>\n      pour nous contacter, un seul mail :<br \/>\n      <a style='color: #f90;' href='mailto:arbitraire@arbitraire.fr' target='_blank'>arbitraire@arbitraire.fr<br \/>\n      <\/a><br \/>\n    <\/b><br \/>\n  <\/i><\/p>\n","protected":false},"excerpt":{"rendered":"<p>Ce mois-ci en librairies, deux nouveaut\u00e9s Arbitraire et un p\u00e9riple\u00a0dans le sud ! Le 11 Juin, retrouvez en librairies\u00a0\u00ab\u00a0Les Puissances de l&rsquo;avenir #2 &#8211; D\u00e9sert\u00a0\u00bb de\u00a0Renaud Thomas, suite du\u00a0r\u00e9cit aux multiples pistes\u00a0Zone Z\u00a0entam\u00e9 dans les revues Arbitraire 9 et 10, &hellip; <a href=\"http:\/\/www.arbitraire.fr\/actu\/2015\/06\/les-nouvelles-arbitraire-juin-2015\/\">Continuer la lecture <span class=\"meta-nav\">&rarr;<\/span><\/a><\/p>\n","protected":false},"author":1,"featured_media":0,"comment_status":"closed","ping_status":"open","sticky":false,"template":"","format":"standard","meta":[],"categories":[8,4],"tags":[53,13,16,45,52,42,47,50,49,48,30,46,51,33,18,35,43,36,29],"_links":{"self":[{"href":"http:\/\/www.arbitraire.fr\/actu\/wp-json\/wp\/v2\/posts\/623"}],"collection":[{"href":"http:\/\/www.arbitraire.fr\/actu\/wp-json\/wp\/v2\/posts"}],"about":[{"href":"http:\/\/www.arbitraire.fr\/actu\/wp-json\/wp\/v2\/types\/post"}],"author":[{"embeddable":true,"href":"http:\/\/www.arbitraire.fr\/actu\/wp-json\/wp\/v2\/users\/1"}],"replies":[{"embeddable":true,"href":"http:\/\/www.arbitraire.fr\/actu\/wp-json\/wp\/v2\/comments?post=623"}],"version-history":[{"count":0,"href":"http:\/\/www.arbitraire.fr\/actu\/wp-json\/wp\/v2\/posts\/623\/revisions"}],"wp:attachment":[{"href":"http:\/\/www.arbitraire.fr\/actu\/wp-json\/wp\/v2\/media?parent=623"}],"wp:term":[{"taxonomy":"category","embeddable":true,"href":"http:\/\/www.arbitraire.fr\/actu\/wp-json\/wp\/v2\/categories?post=623"},{"taxonomy":"post_tag","embeddable":true,"href":"http:\/\/www.arbitraire.fr\/actu\/wp-json\/wp\/v2\/tags?post=623"}],"curies":[{"name":"wp","href":"https:\/\/api.w.org\/{rel}","templated":true}]}}