{"id":574,"date":"2015-04-06T14:33:28","date_gmt":"2015-04-06T12:33:28","guid":{"rendered":"http:\/\/www.arbitraire.fr\/actu\/?p=574"},"modified":"2016-05-06T12:19:35","modified_gmt":"2016-05-06T10:19:35","slug":"les-nouvelles-arbitraire-avril-2015","status":"publish","type":"post","link":"http:\/\/www.arbitraire.fr\/actu\/2015\/04\/les-nouvelles-arbitraire-avril-2015\/","title":{"rendered":"Les Nouvelles Arbitraire &#8211; Avril 2015"},"content":{"rendered":"<p><img decoding=\"async\" loading=\"lazy\" class=\"aligncenter size-full wp-image-569\" src=\"http:\/\/www.arbitraire.fr\/actu\/wp-content\/uploads\/2013\/10\/titrenews-copie44.jpg\" alt=\"titrenews-copie4\" width=\"507\" height=\"164\" srcset=\"http:\/\/www.arbitraire.fr\/actu\/wp-content\/uploads\/2013\/10\/titrenews-copie44.jpg 507w, http:\/\/www.arbitraire.fr\/actu\/wp-content\/uploads\/2013\/10\/titrenews-copie44-300x97.jpg 300w\" sizes=\"(max-width: 507px) 100vw, 507px\" \/><\/p>\n<p style=\"text-align: center;\"><span style=\"color: #000000;\">Ce 10 Avril, vous pourrez partir \u00e0 la recherche de deux nouveaut\u00e9s Arbitraire en librairies :<\/span><br \/>\n<span style=\"color: #000000;\"><a style=\"color: #000000;\" href=\"http:\/\/www.arbitraire.fr\/livres_Norak.php\">\u00ab\u00a0Norak, Le Fils de Parzan\u00a0\u00bb<\/a>, de JM Bertoyas &amp; <a style=\"color: #000000;\" href=\"http:\/\/www.arbitraire.fr\/livres_Sainteabs.php\">\u00ab\u00a0Sainte Abs\u00a0\u00bb<\/a>, de JC Menu.<\/span><\/p>\n<p style=\"text-align: center;\"><img decoding=\"async\" loading=\"lazy\" class=\"aligncenter size-full wp-image-411\" src=\"http:\/\/www.arbitraire.fr\/actu\/wp-content\/uploads\/2013\/10\/ligne1.jpg\" alt=\"ligne\" width=\"4059\" height=\"216\" srcset=\"http:\/\/www.arbitraire.fr\/actu\/wp-content\/uploads\/2013\/10\/ligne1.jpg 4059w, http:\/\/www.arbitraire.fr\/actu\/wp-content\/uploads\/2013\/10\/ligne1-300x15.jpg 300w, http:\/\/www.arbitraire.fr\/actu\/wp-content\/uploads\/2013\/10\/ligne1-1024x54.jpg 1024w, http:\/\/www.arbitraire.fr\/actu\/wp-content\/uploads\/2013\/10\/ligne1-600x31.jpg 600w\" sizes=\"(max-width: 4059px) 100vw, 4059px\" \/><img decoding=\"async\" loading=\"lazy\" class=\"aligncenter size-full wp-image-422\" src=\"http:\/\/www.arbitraire.fr\/actu\/wp-content\/uploads\/2013\/10\/livres5.jpg\" alt=\"livres\" width=\"222\" height=\"47\" \/><br \/>\n<a href=\"http:\/\/www.arbitraire.fr\/livres_Norak.php\"><img decoding=\"async\" loading=\"lazy\" class=\"aligncenter size-full wp-image-570\" src=\"http:\/\/www.arbitraire.fr\/actu\/wp-content\/uploads\/2013\/10\/All-berto.jpg\" alt=\"All-berto\" width=\"1132\" height=\"2400\" srcset=\"http:\/\/www.arbitraire.fr\/actu\/wp-content\/uploads\/2013\/10\/All-berto.jpg 1132w, http:\/\/www.arbitraire.fr\/actu\/wp-content\/uploads\/2013\/10\/All-berto-142x300.jpg 142w, http:\/\/www.arbitraire.fr\/actu\/wp-content\/uploads\/2013\/10\/All-berto-483x1024.jpg 483w, http:\/\/www.arbitraire.fr\/actu\/wp-content\/uploads\/2013\/10\/All-berto-600x1272.jpg 600w\" sizes=\"(max-width: 1132px) 100vw, 1132px\" \/><\/a><\/p>\n<p style=\"text-align: center;\"><strong><span style=\"color: #e74d24;\">J.M. Bertoyas &#8211; Norak, Le fils de Parzan &#8211; Sortie Avril 2015<\/span><\/strong><br \/>\n56 pages \/ 18 x 25 cm \/ 10\u20ac<br \/>\n<span style=\"color: #e74d24;\">Impression int\u00e9rieure Riso noire<\/span><br \/>\n<span style=\"color: #e74d24;\">Couverture s\u00e9rigraphi\u00e9e 4 passages<\/span><br \/>\n<strong><span style=\"color: #e74d24;\">Collection Atome<\/span><br \/>\n<\/strong><\/p>\n<p class=\"p1\"><span style=\"color: #000000;\">Norak est le fils de Parzan, h\u00e9ros de Felletin, et d\u2019un comix micro publi\u00e9 aux \u00c9ditions Kob\u00e9, inspir\u00e9 par l\u2019univers de Edgar Rice Burroughs.<\/span><br \/>\n<span style=\"color: #000000;\">Depuis bien des choses ont flott\u00e9 \u00e0 la surface de la Rozeille, et le monde du fils n\u2019a plus grand chose \u00e0 voir avec celui du p\u00e8re. Les aventures de Parzan \u00e9taient un polar multi-culturel et doucement marxiste. Norak, premier tome d\u2019une trilogie, d\u00e9crit, entre autres, les aventures d\u2019un jeune homme perdu sur les routes du d\u00e9sir.<\/span><br \/>\n<span style=\"color: #000000;\">Les \u00abnouvelles technologies\u00bb et l\u2019efficace destruction des savoirs populaires ont d\u00e9r\u00e9gl\u00e9 notre rapport au temps et \u00e0 la culture. Et si un spectre hante l\u2019Europe, le spectre de l\u2019ali\u00e9nation n\u00e9o lib\u00e9rale, la jungle ne demande qu\u2019a reprendre vie.<\/span><\/p>\n<p class=\"p1\"><span style=\"color: #000000;\"><a style=\"color: #000000;\" href=\"kobeblog-bertoyas.blogspot.com\/\">Jean-Michel Bertoyas<\/a> vit et travaille \u00e0 Lyon. Forcen\u00e9 du DIY, il est l\u2019animateur et auteur de la maison d\u2019auto-\u00e9dition Kob\u00e9. Il est \u00e9galement publi\u00e9 chez Terre Noire, Les Requins Marteaux, L\u2019Association, Le Dernier cri, et collabore r\u00e9guli\u00e8rement au journal CQFD.<\/span><br \/>\n<span style=\"color: #000000;\">L\u2019oeuvre po\u00e9tique et politique de JM Bertoyas, si on devait absolument la ranger dans une case, serait \u00e0 placer entre celles de Gary Panter, l&rsquo;imagerie situationniste, Charlie Schlingo, Philip Guston et une vieille pile d\u2019illustr\u00e9s abandonn\u00e9s sur un trottoir.<img decoding=\"async\" loading=\"lazy\" class=\"aligncenter size-full wp-image-411\" src=\"http:\/\/www.arbitraire.fr\/actu\/wp-content\/uploads\/2013\/10\/ligne1.jpg\" alt=\"ligne\" width=\"4059\" height=\"216\" srcset=\"http:\/\/www.arbitraire.fr\/actu\/wp-content\/uploads\/2013\/10\/ligne1.jpg 4059w, http:\/\/www.arbitraire.fr\/actu\/wp-content\/uploads\/2013\/10\/ligne1-300x15.jpg 300w, http:\/\/www.arbitraire.fr\/actu\/wp-content\/uploads\/2013\/10\/ligne1-1024x54.jpg 1024w, http:\/\/www.arbitraire.fr\/actu\/wp-content\/uploads\/2013\/10\/ligne1-600x31.jpg 600w\" sizes=\"(max-width: 4059px) 100vw, 4059px\" \/><a href=\"http:\/\/www.arbitraire.fr\/livres_Sainteabs.php\"><img decoding=\"async\" loading=\"lazy\" class=\"aligncenter size-full wp-image-571\" src=\"http:\/\/www.arbitraire.fr\/actu\/wp-content\/uploads\/2013\/10\/all-menu.jpg\" alt=\"all-menu\" width=\"1061\" height=\"2000\" srcset=\"http:\/\/www.arbitraire.fr\/actu\/wp-content\/uploads\/2013\/10\/all-menu.jpg 1061w, http:\/\/www.arbitraire.fr\/actu\/wp-content\/uploads\/2013\/10\/all-menu-159x300.jpg 159w, http:\/\/www.arbitraire.fr\/actu\/wp-content\/uploads\/2013\/10\/all-menu-543x1024.jpg 543w, http:\/\/www.arbitraire.fr\/actu\/wp-content\/uploads\/2013\/10\/all-menu-600x1131.jpg 600w\" sizes=\"(max-width: 1061px) 100vw, 1061px\" \/><\/a><\/span><\/p>\n<p class=\"p1 align-center\" style=\"text-align: center;\"><strong><span style=\"color: #b53f1c;\"><br \/>\nJC Menu &#8211; Sainte Abs &#8211; Sortie \u00a0Avril 2015\u00a0<\/span><\/strong><br \/>\n28 pages \/ 9,5 x 13,5 cm \/ 4\u20ac<br \/>\n<span style=\"color: #b53f1c;\">Impression int\u00e9rieure noire<\/span><br \/>\n<span style=\"color: #b53f1c;\">Couverture s\u00e9rigraphi\u00e9e 4 passages<\/span><\/p>\n<p class=\"p1\"><span style=\"color: #000000;\">Sainte Abs est le troisi\u00e8me volume de la s\u00e9rie des Mont-V\u00e9rit\u00e9 Chrono-Poche, r\u00e9alis\u00e9 lors des 24h de la bande dessin\u00e9e \u00e0 Besan\u00e7on en 2015, o\u00f9 l\u2019on retrouve les moines du Mont-V\u00e9rit\u00e9 dans leur univers propre, cette fois-ci plong\u00e9s dans un sommeil de plomb. La Mune et la Sphynge sont toujours l\u00e0, avec leurs commentaires d\u00e9sagr\u00e9ables. Que s\u2019est-il pass\u00e9 ? Que renfermait cette bouteille de Sainte Abs ?<\/span><\/p>\n<p class=\"p1\"><span style=\"color: #000000;\"><img decoding=\"async\" loading=\"lazy\" class=\"aligncenter size-full wp-image-411\" src=\"http:\/\/www.arbitraire.fr\/actu\/wp-content\/uploads\/2013\/10\/ligne1.jpg\" alt=\"ligne\" width=\"4059\" height=\"216\" srcset=\"http:\/\/www.arbitraire.fr\/actu\/wp-content\/uploads\/2013\/10\/ligne1.jpg 4059w, http:\/\/www.arbitraire.fr\/actu\/wp-content\/uploads\/2013\/10\/ligne1-300x15.jpg 300w, http:\/\/www.arbitraire.fr\/actu\/wp-content\/uploads\/2013\/10\/ligne1-1024x54.jpg 1024w, http:\/\/www.arbitraire.fr\/actu\/wp-content\/uploads\/2013\/10\/ligne1-600x31.jpg 600w\" sizes=\"(max-width: 4059px) 100vw, 4059px\" \/><\/span><img decoding=\"async\" loading=\"lazy\" class=\"aligncenter size-full wp-image-547\" src=\"http:\/\/www.arbitraire.fr\/actu\/wp-content\/uploads\/2013\/10\/unnamed.jpeg\" alt=\"unnamed\" width=\"477\" height=\"50\" srcset=\"http:\/\/www.arbitraire.fr\/actu\/wp-content\/uploads\/2013\/10\/unnamed.jpeg 477w, http:\/\/www.arbitraire.fr\/actu\/wp-content\/uploads\/2013\/10\/unnamed-300x31.jpeg 300w\" sizes=\"(max-width: 477px) 100vw, 477px\" \/><a href=\"http:\/\/www.arbitraire.fr\/livres_Unvraiguerriernemeurtjamais.php\"><img decoding=\"async\" loading=\"lazy\" class=\"aligncenter size-full wp-image-477\" src=\"http:\/\/www.arbitraire.fr\/actu\/wp-content\/uploads\/2013\/10\/Antoine-Guerrier-Couv-Bassedef.jpg\" alt=\"Antoine Guerrier-Couv-Bassedef\" width=\"857\" height=\"611\" srcset=\"http:\/\/www.arbitraire.fr\/actu\/wp-content\/uploads\/2013\/10\/Antoine-Guerrier-Couv-Bassedef.jpg 857w, http:\/\/www.arbitraire.fr\/actu\/wp-content\/uploads\/2013\/10\/Antoine-Guerrier-Couv-Bassedef-300x214.jpg 300w, http:\/\/www.arbitraire.fr\/actu\/wp-content\/uploads\/2013\/10\/Antoine-Guerrier-Couv-Bassedef-600x428.jpg 600w\" sizes=\"(max-width: 857px) 100vw, 857px\" \/><\/a><\/p>\n<p class=\"p1 align-center\" style=\"text-align: center;\"><span style=\"color: #ff0000;\">\u00a0<strong>Antoine Marchalot &#8211; Un vrai guerrier ne meurt jamais m\u00eame si \u00e7a signifie la mort<br \/>\n<\/strong><span style=\"color: #000000;\">32 pages \/ 19 x 27 cm \/ 10\u20ac<\/span><\/span><br \/>\n<span style=\"color: #ff0000;\">Impression int\u00e9rieure offset noir \u00a0<\/span><br \/>\n<span style=\"color: #ff0000;\">Couverture couleur<\/span><\/p>\n<p class=\"p1 align-center\" style=\"text-align: left;\"><span style=\"color: #000000;\">Antoine Marchalot revient \u00e0 la maison avec un recueil d\u2019histoires d\u00e9sopilantes en six cases (\u201cgags\u201d en langage technique) et propose d\u2019exploser une trentaine de pages de son humour d\u00e9sormais c\u00e9l\u00e8bre aux quatre coins de l\u2019internet.<\/span><br \/>\n<span style=\"color: #000000;\">es cases sont tour \u00e0 tour gigantesques, minuscules, l\u2019absurdit\u00e9 s\u2019abat sur les sujets les plus vari\u00e9s : des flics-patate chiens se font lourdement draguer, un musicien joue de la guitare en onomatop\u00e9es, et une petite fille (?) s\u2019envole en jouant \u00e0 la corde \u00e0 sauter. La trag\u00e9die n\u2019est jamais loin, mais on rit tr\u00e8s fort.<\/span><\/p>\n<p class=\"p1 align-center\" style=\"text-align: left;\"><img decoding=\"async\" loading=\"lazy\" class=\"aligncenter size-full wp-image-411\" src=\"http:\/\/www.arbitraire.fr\/actu\/wp-content\/uploads\/2013\/10\/ligne1.jpg\" alt=\"ligne\" width=\"4059\" height=\"216\" srcset=\"http:\/\/www.arbitraire.fr\/actu\/wp-content\/uploads\/2013\/10\/ligne1.jpg 4059w, http:\/\/www.arbitraire.fr\/actu\/wp-content\/uploads\/2013\/10\/ligne1-300x15.jpg 300w, http:\/\/www.arbitraire.fr\/actu\/wp-content\/uploads\/2013\/10\/ligne1-1024x54.jpg 1024w, http:\/\/www.arbitraire.fr\/actu\/wp-content\/uploads\/2013\/10\/ligne1-600x31.jpg 600w\" sizes=\"(max-width: 4059px) 100vw, 4059px\" \/><a href=\"http:\/\/www.arbitraire.fr\/livres_Gris.php\"><img decoding=\"async\" loading=\"lazy\" class=\"aligncenter size-full wp-image-479\" src=\"http:\/\/www.arbitraire.fr\/actu\/wp-content\/uploads\/2013\/10\/cover-FINALE31.jpg\" alt=\"cover FINALE3\" width=\"800\" height=\"547\" srcset=\"http:\/\/www.arbitraire.fr\/actu\/wp-content\/uploads\/2013\/10\/cover-FINALE31.jpg 800w, http:\/\/www.arbitraire.fr\/actu\/wp-content\/uploads\/2013\/10\/cover-FINALE31-300x205.jpg 300w, http:\/\/www.arbitraire.fr\/actu\/wp-content\/uploads\/2013\/10\/cover-FINALE31-600x410.jpg 600w\" sizes=\"(max-width: 800px) 100vw, 800px\" \/><\/a><\/p>\n<p class=\"align-center\" style=\"text-align: center;\"><span style=\"color: #888888;\"><strong>Olivier Schrauwen \u2013 Gris\u00a0<\/strong><\/span><br \/>\n64 pages \/ 14 x 19,6 cm \/ 10\u20ac<br \/>\n<span style=\"color: #888888;\">Impression int\u00e9rieure Riso noire<\/span><br \/>\n<span style=\"color: #888888;\">Couverture s\u00e9rigraphi\u00e9e sur papier argent\u00e9 \u2013 Reliure dos carr\u00e9 coll\u00e9<\/span><\/p>\n<p class=\"align-center\" style=\"text-align: left;\"><em><br \/>\nGris<\/em>\u00a0est un r\u00e9cit troublant \u00e9crit \u00e0 la premi\u00e8re personne. Olivier Schrauwen nous confesse un \u00e9pisode de sa vie sur lequel il se doit de revenir : celui de son abduction, son enl\u00e8vement par des extraterrestres (Les Gris).\u00a0\u2028Aid\u00e9 par l\u2019hypnose, fouillant sa m\u00e9moire, il nous d\u00e9voile les d\u00e9tails parfois scabreux de cette abduction. Les personnages hydroc\u00e9phales ne feront pas que pr\u00e9lever sa semence mais l\u2019emm\u00e8neront \u00e0 la d\u00e9couverte de l\u2019Histoire de l\u2019Homme, de son histoire.\u2028Avec simplicit\u00e9, l\u2019auteur nous plonge dans une histoire qui oscille entre v\u00e9racit\u00e9 et surr\u00e9alisme avec un dessin brut rendant \u00e0 merveille l\u2019\u00e9tranget\u00e9 du r\u00e9cit.<\/p>\n<p style=\"text-align: left;\"><span style=\"color: #888888;\">\u201cOlivier Schrauwen is extraordinary. \u2026 [He\u2019s] the most original cartoonist I\u2019ve fallen onto since Ware or Katchor.\u201d<br \/>\nArt Spiegelman<\/span><\/p>\n<p style=\"text-align: left;\"><img decoding=\"async\" loading=\"lazy\" class=\"aligncenter size-full wp-image-421\" src=\"http:\/\/www.arbitraire.fr\/actu\/wp-content\/uploads\/2013\/10\/futur4.jpg\" alt=\"futur\" width=\"194\" height=\"64\" \/><img decoding=\"async\" loading=\"lazy\" class=\"aligncenter size-full wp-image-573\" src=\"http:\/\/www.arbitraire.fr\/actu\/wp-content\/uploads\/2013\/10\/puiss2couvprovisoire1.jpg\" alt=\"puiss2couvprovisoire\" width=\"1063\" height=\"804\" srcset=\"http:\/\/www.arbitraire.fr\/actu\/wp-content\/uploads\/2013\/10\/puiss2couvprovisoire1.jpg 1063w, http:\/\/www.arbitraire.fr\/actu\/wp-content\/uploads\/2013\/10\/puiss2couvprovisoire1-300x227.jpg 300w, http:\/\/www.arbitraire.fr\/actu\/wp-content\/uploads\/2013\/10\/puiss2couvprovisoire1-1024x775.jpg 1024w, http:\/\/www.arbitraire.fr\/actu\/wp-content\/uploads\/2013\/10\/puiss2couvprovisoire1-600x454.jpg 600w\" sizes=\"(max-width: 1063px) 100vw, 1063px\" \/><img decoding=\"async\" loading=\"lazy\" class=\"aligncenter size-full wp-image-418\" src=\"http:\/\/www.arbitraire.fr\/actu\/wp-content\/uploads\/2013\/10\/bientot5.jpg\" alt=\"bientot\" width=\"181\" height=\"64\" \/><\/p>\n<p><\/p>\n<p style='text-align: center;'>\n  <i><br \/>\n    <b style='color: #f90;'><br \/>\n      pour nous contacter, un seul mail :<br \/>\n      <a style='color: #f90;' href='mailto:arbitraire@arbitraire.fr' target='_blank'>arbitraire@arbitraire.fr<br \/>\n      <\/a><br \/>\n    <\/b><br \/>\n  <\/i><\/p>\n","protected":false},"excerpt":{"rendered":"<p>Ce 10 Avril, vous pourrez partir \u00e0 la recherche de deux nouveaut\u00e9s Arbitraire en librairies : \u00ab\u00a0Norak, Le Fils de Parzan\u00a0\u00bb, de JM Bertoyas &amp; \u00ab\u00a0Sainte Abs\u00a0\u00bb, de JC Menu. J.M. Bertoyas &#8211; Norak, Le fils de Parzan &#8211; Sortie &hellip; <a href=\"http:\/\/www.arbitraire.fr\/actu\/2015\/04\/les-nouvelles-arbitraire-avril-2015\/\">Continuer la lecture <span class=\"meta-nav\">&rarr;<\/span><\/a><\/p>\n","protected":false},"author":1,"featured_media":0,"comment_status":"closed","ping_status":"open","sticky":false,"template":"","format":"standard","meta":[],"categories":[4],"tags":[13,16,19,30,23,32,34,33,18,29,20],"_links":{"self":[{"href":"http:\/\/www.arbitraire.fr\/actu\/wp-json\/wp\/v2\/posts\/574"}],"collection":[{"href":"http:\/\/www.arbitraire.fr\/actu\/wp-json\/wp\/v2\/posts"}],"about":[{"href":"http:\/\/www.arbitraire.fr\/actu\/wp-json\/wp\/v2\/types\/post"}],"author":[{"embeddable":true,"href":"http:\/\/www.arbitraire.fr\/actu\/wp-json\/wp\/v2\/users\/1"}],"replies":[{"embeddable":true,"href":"http:\/\/www.arbitraire.fr\/actu\/wp-json\/wp\/v2\/comments?post=574"}],"version-history":[{"count":0,"href":"http:\/\/www.arbitraire.fr\/actu\/wp-json\/wp\/v2\/posts\/574\/revisions"}],"wp:attachment":[{"href":"http:\/\/www.arbitraire.fr\/actu\/wp-json\/wp\/v2\/media?parent=574"}],"wp:term":[{"taxonomy":"category","embeddable":true,"href":"http:\/\/www.arbitraire.fr\/actu\/wp-json\/wp\/v2\/categories?post=574"},{"taxonomy":"post_tag","embeddable":true,"href":"http:\/\/www.arbitraire.fr\/actu\/wp-json\/wp\/v2\/tags?post=574"}],"curies":[{"name":"wp","href":"https:\/\/api.w.org\/{rel}","templated":true}]}}