{"id":555,"date":"2015-03-16T13:09:16","date_gmt":"2015-03-16T12:09:16","guid":{"rendered":"http:\/\/www.arbitraire.fr\/actu\/?p=555"},"modified":"2016-05-06T12:19:28","modified_gmt":"2016-05-06T10:19:28","slug":"555","status":"publish","type":"post","link":"http:\/\/www.arbitraire.fr\/actu\/2015\/03\/555\/","title":{"rendered":"LES NOUVELLES ARBITRAIRE \u2013 Mars 2015"},"content":{"rendered":"<p><img decoding=\"async\" loading=\"lazy\" class=\"aligncenter size-full wp-image-554\" src=\"http:\/\/www.arbitraire.fr\/actu\/wp-content\/uploads\/2013\/10\/titrenews-copie43.jpg\" alt=\"titrenews-copie4\" width=\"507\" height=\"164\" srcset=\"http:\/\/www.arbitraire.fr\/actu\/wp-content\/uploads\/2013\/10\/titrenews-copie43.jpg 507w, http:\/\/www.arbitraire.fr\/actu\/wp-content\/uploads\/2013\/10\/titrenews-copie43-300x97.jpg 300w\" sizes=\"(max-width: 507px) 100vw, 507px\" \/><\/p>\n<p style=\"text-align: center;\">Si vous n&rsquo;\u00eates pas \u00e0 Paris fin Mars, celle lettre d&rsquo;information est quand m\u00eame pour vous mais vous risquez d&rsquo;\u00eatre un peu tristes&#8230;<\/p>\n<p style=\"text-align: center;\"><img decoding=\"async\" loading=\"lazy\" class=\"aligncenter size-full wp-image-337\" src=\"http:\/\/www.arbitraire.fr\/actu\/wp-content\/uploads\/2013\/10\/ligne.jpg\" alt=\"ligne\" width=\"4059\" height=\"216\" srcset=\"http:\/\/www.arbitraire.fr\/actu\/wp-content\/uploads\/2013\/10\/ligne.jpg 4059w, http:\/\/www.arbitraire.fr\/actu\/wp-content\/uploads\/2013\/10\/ligne-300x15.jpg 300w, http:\/\/www.arbitraire.fr\/actu\/wp-content\/uploads\/2013\/10\/ligne-1024x54.jpg 1024w, http:\/\/www.arbitraire.fr\/actu\/wp-content\/uploads\/2013\/10\/ligne-600x31.jpg 600w\" sizes=\"(max-width: 4059px) 100vw, 4059px\" \/><\/p>\n<p style=\"text-align: center;\"><img decoding=\"async\" loading=\"lazy\" class=\"aligncenter size-full wp-image-331\" src=\"http:\/\/www.arbitraire.fr\/actu\/wp-content\/uploads\/2013\/10\/rdv3.jpg\" alt=\"rdv\" width=\"485\" height=\"99\" srcset=\"http:\/\/www.arbitraire.fr\/actu\/wp-content\/uploads\/2013\/10\/rdv3.jpg 485w, http:\/\/www.arbitraire.fr\/actu\/wp-content\/uploads\/2013\/10\/rdv3-300x61.jpg 300w\" sizes=\"(max-width: 485px) 100vw, 485px\" \/><\/p>\n<p class=\"align-center\" style=\"text-align: center;\"><a href=\"http:\/\/www.arbitraire.fr\/\">Arbitraire<\/a> et <a href=\"http:\/\/culture-commune.erog.fr\/\">Culture Commune<\/a> s&rsquo;associent autour de la sortie de deux livres de <a href=\"http:\/\/www.arbitraire.fr\/actu\/kobeblog-bertoyas.blogspot.com\/\">JM Bertoyas<\/a>,<br \/>\n\u00ab\u00a0Norak, Le fils de Parzan\u00a0\u00bb (Arbitraire) &amp; \u00ab\u00a0Ch\u00f4n\u00a0\u00bb (Culture Commune).<br \/>\nMais nous ne sommes pas avares de bonnes nouvelles, vous aurez \u00e9galement l&rsquo;occasion de d\u00e9couvrir deux autres de nos nouveaut\u00e9s :<br \/>\n\u00ab\u00a0<a href=\"http:\/\/www.arbitraire.fr\/livres_Unvraiguerriernemeurtjamais.php\">Un vrai guerrier ne meurt jamais m\u00eame si \u00e7a signifie la mort<\/a>\u00ab\u00a0, d&rsquo;<a href=\"http:\/\/www.antoinemarchalot.com\/\">Antoine Marchalot<\/a> &amp; \u00ab\u00a0Sainte Abs\u00a0\u00bb, de JC Menu !<\/p>\n<p class=\"align-center\" style=\"text-align: center;\"><strong>&#8211; En pr\u00e9sence de TOUS les auteurs &#8211;<\/strong><br \/>\n(On vous en dit plus sur les livres ci-dessous)<\/p>\n<p class=\"align-center\" style=\"text-align: center;\"><a href=\"https:\/\/montenlair.wordpress.com\/2015\/03\/09\/jm-bertoyas-jc-menu-antoine-marchalot-jean-kristo-guillaume-soulatges-editions-arbitraire-culture-commune-rencontre-et-dedicaces\/\"><img decoding=\"async\" loading=\"lazy\" class=\"aligncenter wp-image-557\" src=\"http:\/\/www.arbitraire.fr\/actu\/wp-content\/uploads\/2015\/03\/ArbiCC-Montenlair-basse-def.jpg\" alt=\"ArbiCC Montenlair basse def\" width=\"380\" height=\"771\" \/><\/a><\/p>\n<p class=\"align-center\" style=\"text-align: center;\"><img decoding=\"async\" loading=\"lazy\" class=\"aligncenter size-full wp-image-337\" src=\"http:\/\/www.arbitraire.fr\/actu\/wp-content\/uploads\/2013\/10\/ligne.jpg\" alt=\"ligne\" width=\"4059\" height=\"216\" srcset=\"http:\/\/www.arbitraire.fr\/actu\/wp-content\/uploads\/2013\/10\/ligne.jpg 4059w, http:\/\/www.arbitraire.fr\/actu\/wp-content\/uploads\/2013\/10\/ligne-300x15.jpg 300w, http:\/\/www.arbitraire.fr\/actu\/wp-content\/uploads\/2013\/10\/ligne-1024x54.jpg 1024w, http:\/\/www.arbitraire.fr\/actu\/wp-content\/uploads\/2013\/10\/ligne-600x31.jpg 600w\" sizes=\"(max-width: 4059px) 100vw, 4059px\" \/><\/p>\n<p class=\"align-center\" style=\"text-align: center;\"><img decoding=\"async\" loading=\"lazy\" class=\"aligncenter size-full wp-image-315\" src=\"http:\/\/www.arbitraire.fr\/actu\/wp-content\/uploads\/2013\/10\/livres2.jpg\" alt=\"livres\" width=\"222\" height=\"47\" \/><\/p>\n<p class=\"align-center\" style=\"text-align: center;\"><img decoding=\"async\" loading=\"lazy\" class=\"aligncenter wp-image-543\" src=\"http:\/\/www.arbitraire.fr\/actu\/wp-content\/uploads\/2013\/10\/JM-Bertoyas-Norak3.jpg\" alt=\"JM Bertoyas - Norak\" width=\"380\" height=\"530\" srcset=\"http:\/\/www.arbitraire.fr\/actu\/wp-content\/uploads\/2013\/10\/JM-Bertoyas-Norak3.jpg 2119w, http:\/\/www.arbitraire.fr\/actu\/wp-content\/uploads\/2013\/10\/JM-Bertoyas-Norak3-215x300.jpg 215w, http:\/\/www.arbitraire.fr\/actu\/wp-content\/uploads\/2013\/10\/JM-Bertoyas-Norak3-735x1024.jpg 735w, http:\/\/www.arbitraire.fr\/actu\/wp-content\/uploads\/2013\/10\/JM-Bertoyas-Norak3-600x836.jpg 600w\" sizes=\"(max-width: 380px) 100vw, 380px\" \/><\/p>\n<p class=\"align-center\" style=\"text-align: center;\"><span style=\"color: #e64d24;\"><strong>J.M. Bertoyas &#8211; Norak, Le fils de Parzan &#8211; Sortie Avril 2015<\/strong><\/span><br \/>\n56 pages \/ 18 x 25 cm \/ 10\u20ac<br \/>\n<span style=\"color: #e64d24;\">Impression int\u00e9rieure Riso noire<\/span><br \/>\n<span style=\"color: #e64d24;\">Couverture s\u00e9rigraphi\u00e9e 4 passages<\/span><br \/>\n<strong><span style=\"color: #e64d24;\">Collection Atome<\/span><\/strong><\/p>\n<p class=\"p1\" style=\"text-align: left;\">Norak est le fils de Parzan, h\u00e9ros de Felletin, et d\u2019un comix micro publi\u00e9 aux \u00c9ditions Kob\u00e9, inspir\u00e9 par l\u2019univers de Edgar Rice Burroughs.<br \/>\nDepuis bien des choses ont flott\u00e9 \u00e0 la surface de la Rozeille, et le monde du fils n\u2019a plus grand chose \u00e0 voir avec celui du p\u00e8re. Les aventures de Parzan \u00e9taient un polar multi-culturel et doucement marxiste. Norak, premier tome d\u2019une trilogie, d\u00e9crit, entre autres, les aventures d\u2019un jeune homme perdu sur les routes du d\u00e9sir.<br \/>\nLes \u00abnouvelles technologies\u00bb et l\u2019efficace destruction des savoirs populaires ont d\u00e9r\u00e9gl\u00e9 notre rapport au temps et \u00e0 la culture. Et si un spectre hante l\u2019Europe, le spectre de l\u2019ali\u00e9nation n\u00e9o lib\u00e9rale, la jungle ne demande qu\u2019a reprendre vie.<br \/>\n<a href=\"http:\/\/www.arbitraire.fr\/actu\/kobeblog-bertoyas.blogspot.com\/\">Jean-Michel Bertoyas<\/a> vit et travaille \u00e0 Lyon. Forcen\u00e9 du DIY, il est l\u2019animateur et auteur de la maison d\u2019auto-\u00e9dition Kob\u00e9. Il est \u00e9galement publi\u00e9 chez Terre Noire, Les Requins Marteaux, L\u2019Association, Le Dernier cri, et collabore r\u00e9guli\u00e8rement au journal CQFD.<br \/>\nL\u2019oeuvre po\u00e9tique et politique de JM Bertoyas, si on devait absolument la ranger dans une case, serait \u00e0 placer entre celles de Gary Panter, l&rsquo;imagerie situationniste, Charlie Schlingo, Philip Guston et une vieille pile d\u2019illustr\u00e9s abandonn\u00e9s sur un trottoir.<\/p>\n<p class=\"p1\" style=\"text-align: left;\"><img decoding=\"async\" loading=\"lazy\" class=\"aligncenter size-full wp-image-411\" src=\"http:\/\/www.arbitraire.fr\/actu\/wp-content\/uploads\/2013\/10\/ligne1.jpg\" alt=\"ligne\" width=\"4059\" height=\"216\" srcset=\"http:\/\/www.arbitraire.fr\/actu\/wp-content\/uploads\/2013\/10\/ligne1.jpg 4059w, http:\/\/www.arbitraire.fr\/actu\/wp-content\/uploads\/2013\/10\/ligne1-300x15.jpg 300w, http:\/\/www.arbitraire.fr\/actu\/wp-content\/uploads\/2013\/10\/ligne1-1024x54.jpg 1024w, http:\/\/www.arbitraire.fr\/actu\/wp-content\/uploads\/2013\/10\/ligne1-600x31.jpg 600w\" sizes=\"(max-width: 4059px) 100vw, 4059px\" \/><\/p>\n<p class=\"p1\" style=\"text-align: left;\"><img decoding=\"async\" loading=\"lazy\" class=\"aligncenter wp-image-542\" src=\"http:\/\/www.arbitraire.fr\/actu\/wp-content\/uploads\/2013\/10\/JC-Menu-Sainte-Abs4.jpg\" alt=\"JC Menu - Sainte Abs\" width=\"380\" height=\"537\" srcset=\"http:\/\/www.arbitraire.fr\/actu\/wp-content\/uploads\/2013\/10\/JC-Menu-Sainte-Abs4.jpg 1128w, http:\/\/www.arbitraire.fr\/actu\/wp-content\/uploads\/2013\/10\/JC-Menu-Sainte-Abs4-212x300.jpg 212w, http:\/\/www.arbitraire.fr\/actu\/wp-content\/uploads\/2013\/10\/JC-Menu-Sainte-Abs4-725x1024.jpg 725w, http:\/\/www.arbitraire.fr\/actu\/wp-content\/uploads\/2013\/10\/JC-Menu-Sainte-Abs4-600x848.jpg 600w\" sizes=\"(max-width: 380px) 100vw, 380px\" \/><\/p>\n<p class=\"p1 align-center\" style=\"text-align: center;\"><span style=\"color: #a7301a;\"><strong>JC Menu &#8211; Sainte Abs &#8211; Sortie \u00a0Avril 2015\u00a0<\/strong><\/span><br \/>\n28 pages \/ 9,5 x 13,5 cm \/ 4\u20ac<br \/>\n<span style=\"color: #a7301a;\">Impression int\u00e9rieure noire<\/span><br \/>\n<span style=\"color: #a7301a;\">Couverture s\u00e9rigraphi\u00e9e 4 passages<\/span><\/p>\n<p>Sainte Abs est le troisi\u00e8me volume de la s\u00e9rie des Mont-V\u00e9rit\u00e9 Chrono-Poche, r\u00e9alis\u00e9 lors des 24h de la bande dessin\u00e9e \u00e0 Besan\u00e7on en 2015, o\u00f9 l\u2019on retrouve les moines du Mont-V\u00e9rit\u00e9 dans leur univers propre, cette fois-ci plong\u00e9s dans un sommeil de plomb. La Mune et la Sphynge sont toujours l\u00e0, avec leurs commentaires d\u00e9sagr\u00e9ables. Que s\u2019est-il pass\u00e9 ? Que renfermait cette bouteille de Sainte Abs ?<\/p>\n<p class=\"p1 align-center\" style=\"text-align: left;\"><img decoding=\"async\" loading=\"lazy\" class=\"aligncenter size-full wp-image-411\" src=\"http:\/\/www.arbitraire.fr\/actu\/wp-content\/uploads\/2013\/10\/ligne1.jpg\" alt=\"ligne\" width=\"4059\" height=\"216\" srcset=\"http:\/\/www.arbitraire.fr\/actu\/wp-content\/uploads\/2013\/10\/ligne1.jpg 4059w, http:\/\/www.arbitraire.fr\/actu\/wp-content\/uploads\/2013\/10\/ligne1-300x15.jpg 300w, http:\/\/www.arbitraire.fr\/actu\/wp-content\/uploads\/2013\/10\/ligne1-1024x54.jpg 1024w, http:\/\/www.arbitraire.fr\/actu\/wp-content\/uploads\/2013\/10\/ligne1-600x31.jpg 600w\" sizes=\"(max-width: 4059px) 100vw, 4059px\" \/><\/p>\n<p class=\"p1 align-center\" style=\"text-align: left;\"><a href=\"http:\/\/www.arbitraire.fr\/livres_Unvraiguerriernemeurtjamais.php\"><img decoding=\"async\" loading=\"lazy\" class=\"aligncenter wp-image-544\" src=\"http:\/\/www.arbitraire.fr\/actu\/wp-content\/uploads\/2013\/10\/UnVraiGuerrier-couv.jpg\" alt=\"UnVraiGuerrier-couv\" width=\"380\" height=\"548\" srcset=\"http:\/\/www.arbitraire.fr\/actu\/wp-content\/uploads\/2013\/10\/UnVraiGuerrier-couv.jpg 854w, http:\/\/www.arbitraire.fr\/actu\/wp-content\/uploads\/2013\/10\/UnVraiGuerrier-couv-208x300.jpg 208w, http:\/\/www.arbitraire.fr\/actu\/wp-content\/uploads\/2013\/10\/UnVraiGuerrier-couv-709x1024.jpg 709w, http:\/\/www.arbitraire.fr\/actu\/wp-content\/uploads\/2013\/10\/UnVraiGuerrier-couv-600x867.jpg 600w\" sizes=\"(max-width: 380px) 100vw, 380px\" \/><\/a><\/p>\n<p class=\"p1\" style=\"text-align: center;\"><span style=\"color: #ff0000;\"><b>Antoine Marchalot &#8211; Un vrai guerrier ne meurt jamais m\u00eame si \u00e7a signifie la mort<\/b><\/span><span class=\"s1\"><br \/>\n32 pages \/ 19 x 27 cm \/ 10\u20ac<br \/>\n<\/span><span style=\"color: #ff0000;\">Impression int\u00e9rieure offset noir \u00a0<span class=\"s1\"><br \/>\n<\/span>Couverture couleur<\/span><\/p>\n<p class=\"p2\">Antoine Marchalot revient \u00e0 la maison avec un recueil d\u2019histoires d\u00e9sopilantes en six cases (\u201cgags\u201d en langage technique) et propose d\u2019exploser une trentaine de pages de son humour d\u00e9sormais c\u00e9l\u00e8bre aux quatre coins de l\u2019internet.<br \/>\nLes cases sont tour \u00e0 tour gigantesques, minuscules, l\u2019absurdit\u00e9 s\u2019abat sur les sujets les plus vari\u00e9s : des flics-patate chiens se font lourdement draguer, un musicien joue de la guitare en onomatop\u00e9es, et une petite fille (?) s\u2019envole en jouant \u00e0 la corde \u00e0 sauter. La trag\u00e9die n\u2019est jamais loin, mais on rit tr\u00e8s fort.<\/p>\n<p class=\"p1 align-center\" style=\"text-align: left;\"><img decoding=\"async\" loading=\"lazy\" class=\"aligncenter size-full wp-image-411\" src=\"http:\/\/www.arbitraire.fr\/actu\/wp-content\/uploads\/2013\/10\/ligne1.jpg\" alt=\"ligne\" width=\"4059\" height=\"216\" srcset=\"http:\/\/www.arbitraire.fr\/actu\/wp-content\/uploads\/2013\/10\/ligne1.jpg 4059w, http:\/\/www.arbitraire.fr\/actu\/wp-content\/uploads\/2013\/10\/ligne1-300x15.jpg 300w, http:\/\/www.arbitraire.fr\/actu\/wp-content\/uploads\/2013\/10\/ligne1-1024x54.jpg 1024w, http:\/\/www.arbitraire.fr\/actu\/wp-content\/uploads\/2013\/10\/ligne1-600x31.jpg 600w\" sizes=\"(max-width: 4059px) 100vw, 4059px\" \/><\/p>\n<p class=\"p1 align-center\" style=\"text-align: left;\"><img decoding=\"async\" loading=\"lazy\" class=\"aligncenter size-full wp-image-265\" src=\"http:\/\/www.arbitraire.fr\/actu\/wp-content\/uploads\/2013\/10\/chemin.jpg\" alt=\"chemin\" width=\"477\" height=\"50\" srcset=\"http:\/\/www.arbitraire.fr\/actu\/wp-content\/uploads\/2013\/10\/chemin.jpg 477w, http:\/\/www.arbitraire.fr\/actu\/wp-content\/uploads\/2013\/10\/chemin-300x31.jpg 300w\" sizes=\"(max-width: 477px) 100vw, 477px\" \/><\/p>\n<p class=\"p1 align-center\" style=\"text-align: left;\"><a href=\"http:\/\/www.arbitraire.fr\/revue_arbitraire12.php\"><img decoding=\"async\" loading=\"lazy\" class=\"aligncenter wp-image-548\" src=\"http:\/\/www.arbitraire.fr\/actu\/wp-content\/uploads\/2013\/10\/couverture-seule-HD-592x10241.jpeg\" alt=\"couverture-seule-HD-592x1024\" width=\"380\" height=\"658\" srcset=\"http:\/\/www.arbitraire.fr\/actu\/wp-content\/uploads\/2013\/10\/couverture-seule-HD-592x10241.jpeg 592w, http:\/\/www.arbitraire.fr\/actu\/wp-content\/uploads\/2013\/10\/couverture-seule-HD-592x10241-173x300.jpeg 173w\" sizes=\"(max-width: 380px) 100vw, 380px\" \/><\/a><\/p>\n<p class=\"align-center\" style=\"text-align: center;\"><span style=\"color: #800080;\"><strong>REMISE EN VENTE EN LIBRAIRIE<\/strong><\/span><\/p>\n<p class=\"align-center\" style=\"text-align: center;\"><span style=\"color: #993366;\"><strong><span style=\"color: #800080;\">Arbitraire Douze &#8211; Le Mont Eugolana<\/span>\u00a0<\/strong><\/span><br \/>\n48 pages \/ Quadrichromie \/ 17 x 29,4 cm \/ Prix : 14\u20ac<br \/>\n<span style=\"color: #800080;\">Avec :\u00a0<a style=\"color: #800080;\" href=\"http:\/\/juliennem.ultra-book.com\/\">Julien Nem<\/a>,\u00a0<a style=\"color: #800080;\" href=\"http:\/\/charlespapier.com\/\">Renaud Thomas<\/a>,\u00a0<a style=\"color: #800080;\" href=\"http:\/\/opheliebernaud.com\/\">Oph\u00e9lie Bernaud<\/a>,\u00a0<a style=\"color: #800080;\" href=\"http:\/\/pierreferrero.tumblr.com\/\">Pierre Ferrero<\/a>,\u00a0<\/span><br \/>\n<span style=\"color: #800080;\"><a style=\"color: #800080;\" href=\"http:\/\/www.antoinemarchalot.com\/\">Antoine Marchalot<\/a>,\u00a0<a style=\"color: #800080;\" href=\"http:\/\/vincentpianina.blogspot.fr\/\">Vincent Pianina<\/a>.<\/span><\/p>\n<p>Quel est donc ce myst\u00e9rieux Mont Eugolana ?<\/p>\n<p class=\"align-left\">\u00c0 l\u2019instar de Ren\u00e9 Daumal dans son Mont Analogue, le r\u00e9cit que vous lirez dans Arbitraire 12, explore le mythe de la montagne sacr\u00e9e, celle dont le sommet reste \u00e9pargn\u00e9 par la trace de l\u2019Homme. Dans la mythologie, la montagne est l\u2019\u00e9chelle permettant \u00e0 l\u2019humain de se rapprocher du royaume des Dieux. En r\u00e9alit\u00e9, son ascension travaille le corps et permet l\u2019\u00e9l\u00e9vation de l\u2019esprit.<\/p>\n<p class=\"align-left\"><img decoding=\"async\" loading=\"lazy\" class=\"aligncenter size-full wp-image-411\" src=\"http:\/\/www.arbitraire.fr\/actu\/wp-content\/uploads\/2013\/10\/ligne1.jpg\" alt=\"ligne\" width=\"4059\" height=\"216\" srcset=\"http:\/\/www.arbitraire.fr\/actu\/wp-content\/uploads\/2013\/10\/ligne1.jpg 4059w, http:\/\/www.arbitraire.fr\/actu\/wp-content\/uploads\/2013\/10\/ligne1-300x15.jpg 300w, http:\/\/www.arbitraire.fr\/actu\/wp-content\/uploads\/2013\/10\/ligne1-1024x54.jpg 1024w, http:\/\/www.arbitraire.fr\/actu\/wp-content\/uploads\/2013\/10\/ligne1-600x31.jpg 600w\" sizes=\"(max-width: 4059px) 100vw, 4059px\" \/><\/p>\n<p class=\"align-left\"><a href=\"http:\/\/www.arbitraire.fr\/livres_Gris.php\"><img decoding=\"async\" loading=\"lazy\" class=\"aligncenter wp-image-549\" src=\"http:\/\/www.arbitraire.fr\/actu\/wp-content\/uploads\/2013\/10\/cover-gris1-e14203933233911.jpeg\" alt=\"cover-gris1-e1420393323391\" width=\"380\" height=\"530\" \/><\/a><\/p>\n<p class=\"align-center\" style=\"text-align: center;\"><span style=\"color: #999999;\"><strong>Olivier Schrauwen \u2013 Gris\u00a0<\/strong><\/span><br \/>\n<span style=\"color: #000000;\">64 pages \/ 14 x 19,6 cm \/ 10\u20ac<\/span><br \/>\n<span style=\"color: #999999;\">Impression int\u00e9rieure Riso noire<\/span><br \/>\n<span style=\"color: #999999;\">Couverture s\u00e9rigraphi\u00e9e sur papier argent\u00e9 \u2013 Reliure dos carr\u00e9 coll\u00e9<\/span><\/p>\n<p><span style=\"color: #000000;\"><em>Gris<\/em>\u00a0est un r\u00e9cit troublant \u00e9crit \u00e0 la premi\u00e8re personne. Olivier Schrauwen nous confesse un \u00e9pisode de sa vie sur lequel il se doit de revenir : celui de son abduction, son enl\u00e8vement par des extraterrestres (Les Gris).\u00a0\u2028Aid\u00e9 par l\u2019hypnose, fouillant sa m\u00e9moire, il nous d\u00e9voile les d\u00e9tails parfois scabreux de cette abduction. Les personnages hydroc\u00e9phales ne feront pas que pr\u00e9lever sa semence mais l\u2019emm\u00e8neront \u00e0 la d\u00e9couverte de l\u2019Histoire de l\u2019Homme, de son histoire.\u2028Avec simplicit\u00e9, l\u2019auteur nous plonge dans une histoire qui oscille entre v\u00e9racit\u00e9 et surr\u00e9alisme avec un dessin brut rendant \u00e0 merveille l\u2019\u00e9tranget\u00e9 du r\u00e9cit.<\/span><\/p>\n<p><span style=\"color: #999999;\">\u201cOlivier Schrauwen is extraordinary. \u2026 [He\u2019s] the most original cartoonist I\u2019ve fallen onto since Ware or Katchor.\u201d<\/span><br \/>\n<span style=\"color: #999999;\">Art Spiegelman<\/span><\/p>\n<p><img decoding=\"async\" loading=\"lazy\" class=\"aligncenter size-full wp-image-411\" src=\"http:\/\/www.arbitraire.fr\/actu\/wp-content\/uploads\/2013\/10\/ligne1.jpg\" alt=\"ligne\" width=\"4059\" height=\"216\" srcset=\"http:\/\/www.arbitraire.fr\/actu\/wp-content\/uploads\/2013\/10\/ligne1.jpg 4059w, http:\/\/www.arbitraire.fr\/actu\/wp-content\/uploads\/2013\/10\/ligne1-300x15.jpg 300w, http:\/\/www.arbitraire.fr\/actu\/wp-content\/uploads\/2013\/10\/ligne1-1024x54.jpg 1024w, http:\/\/www.arbitraire.fr\/actu\/wp-content\/uploads\/2013\/10\/ligne1-600x31.jpg 600w\" sizes=\"(max-width: 4059px) 100vw, 4059px\" \/><\/p>\n<p><img decoding=\"async\" loading=\"lazy\" class=\"aligncenter size-full wp-image-418\" src=\"http:\/\/www.arbitraire.fr\/actu\/wp-content\/uploads\/2013\/10\/bientot5.jpg\" alt=\"bientot\" width=\"181\" height=\"64\" \/><\/p>\n<p class=\"align-center\" style=\"text-align: center;\"><strong>Pour vous tenir au courant de nos actualit\u00e9s ou acheter nos livres, visitez\u00a0<a href=\"http:\/\/www.arbitraire.fr\/\">www.arbitraire.fr<\/a>\u00a0ainsi que notre page\u00a0<a href=\"https:\/\/www.facebook.com\/arbitraire?fref=ts\">Facebook<\/a>. <\/strong><strong><br \/>\n<\/strong><\/p>\n<p class=\"align-center\" style=\"text-align: center;\"><strong>Pour toute information suppl\u00e9mentaire, n&rsquo;h\u00e9sitez pas \u00e0 contacter :<\/strong><br \/>\nJuliette Salique\u00a0(<a href=\"mailto:juliette@arbitraire.fr\">juliette@arbitraire.fr<\/a>)\u00a0qui se fera un plaisir de vous renseigner ou de vous aiguiller vers qui de droit.<\/p>\n<p class=\"align-center\" style=\"text-align: center;\"><strong>Diffusion \/ Distribution : <a href=\"http:\/\/www.makassar-diffusion.com\/\">MAKASSAR<\/a><\/strong><\/p>\n<p><\/p>\n<p style='text-align: center;'>\n  <i><br \/>\n    <b style='color: #f90;'><br \/>\n      pour nous contacter, un seul mail :<br \/>\n      <a style='color: #f90;' href='mailto:arbitraire@arbitraire.fr' target='_blank'>arbitraire@arbitraire.fr<br \/>\n      <\/a><br \/>\n    <\/b><br \/>\n  <\/i><\/p>\n","protected":false},"excerpt":{"rendered":"<p>Si vous n&rsquo;\u00eates pas \u00e0 Paris fin Mars, celle lettre d&rsquo;information est quand m\u00eame pour vous mais vous risquez d&rsquo;\u00eatre un peu tristes&#8230; Arbitraire et Culture Commune s&rsquo;associent autour de la sortie de deux livres de JM Bertoyas, \u00ab\u00a0Norak, Le &hellip; <a href=\"http:\/\/www.arbitraire.fr\/actu\/2015\/03\/555\/\">Continuer la lecture <span class=\"meta-nav\">&rarr;<\/span><\/a><\/p>\n","protected":false},"author":1,"featured_media":557,"comment_status":"closed","ping_status":"open","sticky":false,"template":"","format":"standard","meta":[],"categories":[9,4,5],"tags":[28,13,16,27,22,19,24,30,31,23,21,26,18,29,20],"_links":{"self":[{"href":"http:\/\/www.arbitraire.fr\/actu\/wp-json\/wp\/v2\/posts\/555"}],"collection":[{"href":"http:\/\/www.arbitraire.fr\/actu\/wp-json\/wp\/v2\/posts"}],"about":[{"href":"http:\/\/www.arbitraire.fr\/actu\/wp-json\/wp\/v2\/types\/post"}],"author":[{"embeddable":true,"href":"http:\/\/www.arbitraire.fr\/actu\/wp-json\/wp\/v2\/users\/1"}],"replies":[{"embeddable":true,"href":"http:\/\/www.arbitraire.fr\/actu\/wp-json\/wp\/v2\/comments?post=555"}],"version-history":[{"count":0,"href":"http:\/\/www.arbitraire.fr\/actu\/wp-json\/wp\/v2\/posts\/555\/revisions"}],"wp:featuredmedia":[{"embeddable":true,"href":"http:\/\/www.arbitraire.fr\/actu\/wp-json\/wp\/v2\/media\/557"}],"wp:attachment":[{"href":"http:\/\/www.arbitraire.fr\/actu\/wp-json\/wp\/v2\/media?parent=555"}],"wp:term":[{"taxonomy":"category","embeddable":true,"href":"http:\/\/www.arbitraire.fr\/actu\/wp-json\/wp\/v2\/categories?post=555"},{"taxonomy":"post_tag","embeddable":true,"href":"http:\/\/www.arbitraire.fr\/actu\/wp-json\/wp\/v2\/tags?post=555"}],"curies":[{"name":"wp","href":"https:\/\/api.w.org\/{rel}","templated":true}]}}