{"id":277,"date":"2014-02-17T15:05:44","date_gmt":"2014-02-17T14:05:44","guid":{"rendered":"http:\/\/www.arbitraire.fr\/actu\/?p=277"},"modified":"2016-05-06T12:17:07","modified_gmt":"2016-05-06T10:17:07","slug":"from-69-to-86-exposition-avec-jm-bertoyas-a-la-fanzinotheque-de-poitiers","status":"publish","type":"post","link":"http:\/\/www.arbitraire.fr\/actu\/2014\/02\/from-69-to-86-exposition-avec-jm-bertoyas-a-la-fanzinotheque-de-poitiers\/","title":{"rendered":"From 69 to 86 &#8211; Exposition avec JM Bertoyas \u00e0 la Fanzinoth\u00e8que."},"content":{"rendered":"<p style=\"text-align: center;\"><a href=\"http:\/\/www.fanzino.org\/2014\/01\/from-69-to-86\/\">EXPOSITION DU 20 FEVRIER AU 21 MARS \u2013 VERNISSAGE LE 20 FEVRIER \u00e0 19 HEURES !<\/a><\/p>\n<p><img decoding=\"async\" loading=\"lazy\" class=\" wp-image-263 aligncenter\" src=\"http:\/\/www.arbitraire.fr\/actu\/wp-content\/uploads\/2013\/10\/bertoss-web-564x1024.jpg\" alt=\"bertoss-web-564x1024\" width=\"543\" height=\"986\" srcset=\"http:\/\/www.arbitraire.fr\/actu\/wp-content\/uploads\/2013\/10\/bertoss-web-564x1024.jpg 564w, http:\/\/www.arbitraire.fr\/actu\/wp-content\/uploads\/2013\/10\/bertoss-web-564x1024-165x300.jpg 165w\" sizes=\"(max-width: 543px) 100vw, 543px\" \/><\/p>\n<p style=\"text-align: justify;\">Cette exposition est le fruit d\u2019une r\u00e9sidence de cr\u00e9ation de <a href=\"http:\/\/kobeblog-bertoyas.blogspot.fr\/\">JM BERTOYAS<\/a> \u00e0 la <a href=\"http:\/\/www.fanzino.org\/\">Fanzinoth\u00e8que<\/a> et d\u2019une composition in\u00e9dite d\u2019ARBITRAIRE.<\/p>\n<p style=\"text-align: justify;\" align=\"JUSTIFY\">JM BERTOYAS est n\u00e9 \u00e0 la toute fin des ann\u00e9es 60.\u00a0Il d\u00e9veloppe un univers graphique nourri de pockets de gare, de psych\u00e9d\u00e9lisme, de culture DIY. Il a publi\u00e9 chez diff\u00e9rents \u00e9diteurs ind\u00e9s comme les <a href=\"http:\/\/www.lesrequinsmarteaux.com\/\">REQUINS MARTEAUX<\/a>, <a href=\"http:\/\/www.lassociation.fr\/fr_FR\/#!accueil\">L\u2019ASSOCIATION<\/a>, le <a href=\"http:\/\/www.lederniercri.org\/\">DERNIER CRI<\/a> ou <a href=\"http:\/\/www.thehoochiecoochie.com\/\">The HOOCHIE COOCHIE<\/a>. Il est aussi reconnu pour \u00eatre un forcen\u00e9 de la micro\u00e9dition, avec une vingtaine de titres autopubli\u00e9s (Kob\u00e9 Books) et apparitions dans nombre de fanzines. Etre invit\u00e9 et dessiner pour la Fanzino reste une cons\u00e9cration pour un amoureux des actions modestes, du jardinage imprim\u00e9 et pour celui qui consid\u00e8re le dessin comme \u201cune pens\u00e9e incrust\u00e9e\u201c.<\/p>\n<p style=\"text-align: justify;\" align=\"JUSTIFY\">ARBITRAIRE est un collectif et une maison d\u2019\u00e9dition lyonnaise de bande dessin\u00e9e, cr\u00e9\u00e9e en 2005. La structure \u00e9ditoriale s\u2019articule autour de la revue \u00e9ponyme annuelle, rassemblant tous les auteurs du collectif : Oph\u00e9lie Bernaud, Geraud, Renaud Thomas, Vincent Pianina, Antoine Marchalot, Julien Nem, Pierre Ferrero ainsi que des auteurs invit\u00e9s comme JM Bertoyas. Forte de ses 11 num\u00e9ros, la revue Arbitraire \u2013 prim\u00e9e au FIBD d\u2019Angoul\u00eame en 2011 \u2013 c\u00f4toie une vingtaine de petits livres sortis au fil des ann\u00e9es, avec une approche parfois artisanale (s\u00e9rigraphie, reliure \u00e0 la main\u2026). Pour la rentr\u00e9e 2014 sortira de l\u2019atelier Arbitraire un livre collectif rassemblant ses auteurs : une histoire d\u2019Ascension\u2026<\/p>\n<p><\/p>\n<p style='text-align: center;'>\n  <i><br \/>\n    <b style='color: #f90;'><br \/>\n      pour nous contacter, un seul mail :<br \/>\n      <a style='color: #f90;' href='mailto:arbitraire@arbitraire.fr' target='_blank'>arbitraire@arbitraire.fr<br \/>\n      <\/a><br \/>\n    <\/b><br \/>\n  <\/i><\/p>\n","protected":false},"excerpt":{"rendered":"<p>EXPOSITION DU 20 FEVRIER AU 21 MARS \u2013 VERNISSAGE LE 20 FEVRIER \u00e0 19 HEURES ! Cette exposition est le fruit d\u2019une r\u00e9sidence de cr\u00e9ation de JM BERTOYAS \u00e0 la Fanzinoth\u00e8que et d\u2019une composition in\u00e9dite d\u2019ARBITRAIRE. JM BERTOYAS est n\u00e9 &hellip; <a href=\"http:\/\/www.arbitraire.fr\/actu\/2014\/02\/from-69-to-86-exposition-avec-jm-bertoyas-a-la-fanzinotheque-de-poitiers\/\">Continuer la lecture <span class=\"meta-nav\">&rarr;<\/span><\/a><\/p>\n","protected":false},"author":1,"featured_media":0,"comment_status":"closed","ping_status":"open","sticky":false,"template":"","format":"standard","meta":[],"categories":[9],"tags":[],"_links":{"self":[{"href":"http:\/\/www.arbitraire.fr\/actu\/wp-json\/wp\/v2\/posts\/277"}],"collection":[{"href":"http:\/\/www.arbitraire.fr\/actu\/wp-json\/wp\/v2\/posts"}],"about":[{"href":"http:\/\/www.arbitraire.fr\/actu\/wp-json\/wp\/v2\/types\/post"}],"author":[{"embeddable":true,"href":"http:\/\/www.arbitraire.fr\/actu\/wp-json\/wp\/v2\/users\/1"}],"replies":[{"embeddable":true,"href":"http:\/\/www.arbitraire.fr\/actu\/wp-json\/wp\/v2\/comments?post=277"}],"version-history":[{"count":0,"href":"http:\/\/www.arbitraire.fr\/actu\/wp-json\/wp\/v2\/posts\/277\/revisions"}],"wp:attachment":[{"href":"http:\/\/www.arbitraire.fr\/actu\/wp-json\/wp\/v2\/media?parent=277"}],"wp:term":[{"taxonomy":"category","embeddable":true,"href":"http:\/\/www.arbitraire.fr\/actu\/wp-json\/wp\/v2\/categories?post=277"},{"taxonomy":"post_tag","embeddable":true,"href":"http:\/\/www.arbitraire.fr\/actu\/wp-json\/wp\/v2\/tags?post=277"}],"curies":[{"name":"wp","href":"https:\/\/api.w.org\/{rel}","templated":true}]}}