{"id":2691,"date":"2024-09-26T16:14:15","date_gmt":"2024-09-26T14:14:15","guid":{"rendered":"https:\/\/www.arbitraire.fr\/actu\/?p=2691"},"modified":"2024-09-26T16:15:20","modified_gmt":"2024-09-26T14:15:20","slug":"2691","status":"publish","type":"post","link":"http:\/\/www.arbitraire.fr\/actu\/2024\/09\/2691\/","title":{"rendered":"[Les Nouvelles] Arbitraire \u2013 fin septembre 2024"},"content":{"rendered":"\n\n\n<div id=\"anonymous_element_9\" class=\"wysija_block\">\n<div class=\"wysija_content center\">\n<div class=\"wysija_text alone\">\n<div class=\"wysija_editable\">\n<p class=\"align-center\" style=\"text-align: center;\"><span style=\"font-family: Helvetica, sans-serif;\">Nous revoil\u00e0 d\u00e9j\u00e0, mais c&rsquo;est parce qu&rsquo;il se passe plein de choses&#8230;<\/span><\/p>\n<p class=\"align-center\" style=\"text-align: center;\"><span style=\"font-family: Helvetica, sans-serif;\">Une expo, deux festivals, et hop, c&rsquo;est d\u00e9j\u00e0 le moment pour notre dernier livre,\u00a0<a href=\"https:\/\/www.arbitraire.fr\/livres_Fenetrenord.php\">Fen\u00eatre Nord<br \/><\/a>de\u00a0<a href=\"https:\/\/pierremarty.blogspot.com\/\">Pierre Marty<\/a>, de sortir en librairie ce vendredi 27 septembre.<\/span>\u00a0<\/p>\n<p class=\"align-center\" style=\"text-align: center;\"><span style=\"font-family: Helvetica, sans-serif;\">Pour l&rsquo;occasion on vous montre quelques photos de la session collective<br \/>de travail manuel sur<\/span><span style=\"font-family: Helvetica, sans-serif;\">\u00a0l&rsquo;ouvrage, et du r\u00e9sultat final.<\/span><\/p>\n<\/div>\n<\/div>\n<\/div>\n<\/div>\n<div id=\"anonymous_element_12\" class=\"wysija_block\">\n<div class=\"wysija_content center\">\n<div class=\"wysija_image alone\"><img decoding=\"async\" loading=\"lazy\" id=\"anonymous_element_15\" class=\"image_placeholder aligncenter\" src=\"http:\/\/www.arbitraire.fr\/actu\/wp-content\/uploads\/2013\/10\/TroisPointsCracraHD.jpg\" alt=\"\" width=\"159\" height=\"59\" \/><\/div>\n<\/div>\n<\/div>\n<div>\u00a0<\/div>\n<div id=\"anonymous_element_16\" class=\"wysija_block\">\n<div class=\"wysija_content center\">\n<div class=\"wysija_image alone\"><img decoding=\"async\" loading=\"lazy\" id=\"anonymous_element_19\" class=\"image_placeholder aligncenter\" src=\"http:\/\/www.arbitraire.fr\/actu\/wp-content\/uploads\/2013\/10\/Titre-nom-1.jpg\" alt=\"\" width=\"562\" height=\"276\" \/>\n<div class=\"wysija_params\">\u00a0<\/div>\n<\/div>\n<div class=\"wysija_text\">\n<div id=\"anonymous_element_18\" class=\"text_placeholder empty\">Il y a quelques temps, avec une belle \u00e9quipe, on finalisait d&rsquo;assembler \u00ab\u00a0<a href=\"https:\/\/www.arbitraire.fr\/livres_Fenetrenord.php\">Fen\u00eatre Nord<\/a>\u00a0\u00bb de\u00a0<a href=\"https:\/\/pierremarty.blogspot.com\/\">Pierre Marty<\/a>. Ce dernier apposait sur chaque exemplaire un autocollant-dessin-signature pendant qu&rsquo;on ins\u00e9rait une image photocopi\u00e9e et une grande s\u00e9rigraphie sur carton et qu&rsquo;on mettait le tout sous film transparent.<\/div>\n<div>\u00a0<\/div>\n<\/div>\n<\/div>\n<\/div>\n<div id=\"anonymous_element_24\" class=\"block_placeholder enabled\" data-parent=\"anonymous_element_23\">\u00a0<\/div>\n<div id=\"anonymous_element_23\" class=\"wysija_block\">\n<div class=\"wysija_content center\">\n<div class=\"wysija_image\"><img decoding=\"async\" src=\"http:\/\/www.arbitraire.fr\/actu\/wp-content\/uploads\/2013\/10\/20240906_171824-scaled.jpg\" \/><\/div>\n<div class=\"wysija_text\">\n<div class=\"wysija_editable\">\n<div id=\"anonymous_element_23\" class=\"wysija_block\">\n<div class=\"wysija_content center\">\n<div class=\"wysija_image alone\"><br \/>\n<div class=\"wysija_params\">\u00a0<\/div>\n<\/div>\n<div class=\"wysija_text\">\n<div id=\"anonymous_element_25\" class=\"text_placeholder empty\">\u00a0<\/div>\n<\/div>\n<\/div>\n<\/div>\n<div id=\"anonymous_element_28\" class=\"block_placeholder enabled active\" data-parent=\"anonymous_element_27\">\u00a0<\/div>\n<div id=\"anonymous_element_27\" class=\"wysija_block\">\n<div class=\"wysija_content center\">\n<div class=\"wysija_image alone\"><img decoding=\"async\" loading=\"lazy\" id=\"anonymous_element_30\" class=\"image_placeholder aligncenter\" src=\"http:\/\/www.arbitraire.fr\/actu\/wp-content\/uploads\/2013\/10\/Lelivre.jpg\" alt=\"\" width=\"130\" height=\"43\" \/>\n<div class=\"wysija_params\">\u00a0<\/div>\n<\/div>\n<\/div>\n<\/div>\n<div id=\"anonymous_element_32\" class=\"block_placeholder enabled\" data-parent=\"anonymous_element_31\">\u00a0<\/div>\n<div id=\"anonymous_element_31\" class=\"wysija_block\">\n<div class=\"wysija_content center\">\n<div class=\"wysija_image alone\"><img decoding=\"async\" loading=\"lazy\" id=\"anonymous_element_34\" class=\"image_placeholder aligncenter\" src=\"http:\/\/www.arbitraire.fr\/actu\/wp-content\/uploads\/2013\/10\/Fenetre-Nord-Couverture-apercus-HD.jpg\" alt=\"\" width=\"379\" height=\"531\" \/><\/div>\n<\/div>\n<\/div>\n<div id=\"anonymous_element_35\" class=\"wysija_block\">\n<div class=\"wysija_content center\">\n<div class=\"wysija_text alone\">\n<div class=\"wysija_editable\">\n<p class=\"align-center\" style=\"text-align: center;\"><br \/>ISBN 978-2-918553-28-1 \/\/\/ 23\u20ac \/\/\/\u00a0Parution le 27\/09\/2024<\/p>\n<p class=\"align-center\" style=\"text-align: center;\">30 x 42 cm &#8211; 48 pages en bichromie offset avec deux inserts :<br \/>un carton brut s\u00e9rigraphi\u00e9 et une photocopie<\/p>\n<\/div>\n<\/div>\n<\/div>\n<\/div>\n<div id=\"anonymous_element_39\" class=\"block_placeholder enabled\" data-parent=\"anonymous_element_38\">\u00a0<\/div>\n<div id=\"anonymous_element_38\" class=\"wysija_block\">\n<div class=\"wysija_content center\">\n<div class=\"wysija_image alone\"><img decoding=\"async\" loading=\"lazy\" id=\"anonymous_element_41\" class=\"image_placeholder aligncenter\" src=\"http:\/\/www.arbitraire.fr\/actu\/wp-content\/uploads\/2013\/10\/Etoile3BD-5.jpg\" alt=\"\" width=\"69\" height=\"65\" \/>\n<div class=\"wysija_params\">\u00a0<\/div>\n<\/div>\n<div class=\"wysija_text\">\n<div id=\"anonymous_element_40\" class=\"text_placeholder empty\">\u00a0<\/div>\n<\/div>\n<\/div>\n<\/div>\n<div id=\"anonymous_element_42\" class=\"wysija_block\">\n<div class=\"wysija_content center\">\n<div class=\"wysija_text alone\">\n<div class=\"wysija_editable\">\n<p>Fen\u00eatre Nord est une bande dessin\u00e9e constitu\u00e9e de courts r\u00e9cits muets en grande partie improvis\u00e9s. L\u2019\u0153il, le n\u00f4tre mais aussi celui, dessin\u00e9, faisant office de principal protagoniste, se balade dans un environnement familier (jardin, maison, table, fen\u00eatre, vaisselle, etc&#8230;). Il assiste \u00e0 des \u00e9v\u00e9nements banals, embl\u00e9matiques d\u2019une vie norm\u00e9e (une f\u00eate d\u2019anniversaire, une partie de foot), qui, pass\u00e9s \u00e0 la moulinette du traitement graphique fr\u00e9n\u00e9tique accumulatoire de Pierre Marty nous plonge dans l\u2019Unheimlich, l\u2019Inqui\u00e9tante \u00c9tranget\u00e9 d\u00e9crite par Freud.<\/p>\n<p>Le flux d\u2019images dessin\u00e9es \u00e0 l\u2019encre noire, retouch\u00e9es \u00e0 l\u2019exc\u00e8s, coll\u00e9es, mont\u00e9es en planches reproduite avec toute leur mat\u00e9rialit\u00e9 nous entra\u00eene dans un voyage mental qui bouscule notre indiff\u00e9rence aux choses du quotidien. Et l\u2019on d\u00e9couvrira enfin la texture de l\u2019ennui.<\/p>\n<\/div>\n<\/div>\n<\/div>\n<\/div>\n<div id=\"anonymous_element_46\" class=\"block_placeholder enabled\" data-parent=\"anonymous_element_45\">\u00a0<\/div>\n<div id=\"anonymous_element_45\" class=\"wysija_block\">\n<div class=\"wysija_content center\">\n<div class=\"wysija_image alone\"><img decoding=\"async\" loading=\"lazy\" id=\"anonymous_element_48\" class=\"image_placeholder aligncenter\" src=\"http:\/\/www.arbitraire.fr\/actu\/wp-content\/uploads\/2013\/10\/montage-nord1.jpg\" alt=\"\" width=\"655\" height=\"1418\" \/>\n<div class=\"wysija_params\">\u00a0<\/div>\n<\/div>\n<div class=\"wysija_text\">\n<div id=\"anonymous_element_47\" class=\"text_placeholder empty\">\u00a0<\/div>\n<\/div>\n<\/div>\n<\/div>\n<div id=\"anonymous_element_50\" class=\"block_placeholder enabled\" data-parent=\"anonymous_element_49\">\u00a0<\/div>\n<div id=\"anonymous_element_49\" class=\"wysija_block\">\n<div class=\"wysija_content center\">\n<div class=\"wysija_image\"><img decoding=\"async\" loading=\"lazy\" id=\"anonymous_element_51\" class=\"image_placeholder aligncenter\" src=\"http:\/\/www.arbitraire.fr\/actu\/wp-content\/uploads\/2013\/10\/montage-nord2.jpg\" alt=\"\" width=\"657\" height=\"1519\" \/>\n<div class=\"wysija_params\">\u00a0<\/div>\n<\/div>\n<div class=\"wysija_text\">\n<div class=\"wysija_editable\">\u00a0<\/div>\n<\/div>\n<\/div>\n<\/div>\n<div id=\"anonymous_element_53\" class=\"block_placeholder enabled\" data-parent=\"anonymous_element_52\">\u00a0<\/div>\n<div id=\"anonymous_element_52\" class=\"wysija_block\">\n<div class=\"wysija_content center\">\n<div class=\"wysija_image\"><img decoding=\"async\" loading=\"lazy\" id=\"anonymous_element_54\" class=\"image_placeholder aligncenter\" src=\"http:\/\/www.arbitraire.fr\/actu\/wp-content\/uploads\/2013\/10\/Lauteur.jpg\" alt=\"\" width=\"129\" height=\"50\" \/>\n<div class=\"wysija_params\">\u00a0<\/div>\n<\/div>\n<div class=\"wysija_text\">\n<div class=\"wysija_editable\">\n<p>Dessinateur et auteur de bande dessin\u00e9e \u00e0 tendance exp\u00e9rimentale, Pierre Marty est n\u00e9 en 1980 dans l\u2019Aveyron et a grandi dans un petit hameau isol\u00e9 du d\u00e9partement. En 2002 il int\u00e8gre l\u2019\u00c9cole des Beaux-Arts d\u2019Angoul\u00eame, o\u00f9 il finira par s\u2019installer, s\u2019int\u00e9ressant tout autant aux arts plastiques (vid\u00e9o, photo, peinture, etc) qu\u2019\u00e0 la bande dessin\u00e9e.<\/p>\n<p>Riche d\u2019une myriade de r\u00e9f\u00e9rences allant de l\u2019art populaire aux avant-gardes graphiques en passant par l\u2019art visionnaire, son oeuvre graphique (rare mais chaque fois attendue par une foule d\u2019amateur\u00b7ices \u00e9clair\u00e9\u00b7es) se d\u00e9ploie dans des livres, revues, fanzines et expositions.<\/p>\n<p>La plupart de ses ouvrages ont \u00e9t\u00e9 r\u00e9alis\u00e9s lors de r\u00e9sidences \u00e0 la Maison des Auteurs, ce qui est le cas pour Fen\u00eatre Nord, qui fut \u00e9galement accompagn\u00e9 d\u2019une bourse de cr\u00e9ation de la SAIF. \/\/\/\/\/\/\/\/\/\/\/\/\/\/\/\/\/\/\/\/\/\/\/\/\/\/\/\/\/\/\/\/\/\/\/\/\/\/\/\/\/\/\/\/\/\/\/\/\/\/\/\/\/\/\/\/\/\/\/\/\/\/\/\/\/\/ Visitez\u00a0<a href=\"https:\/\/pierremarty.blogspot.com\/\">pierremarty.blogspot.com<br \/><\/a><\/p>\n<\/div>\n<\/div>\n<\/div>\n<\/div>\n<\/div>\n<div class=\"block_placeholder enabled\" data-parent=\"anonymous_element_55\">\u00a0<\/div>\n<div class=\"wysija_editable\">\n<div id=\"anonymous_element_55\" class=\"wysija_block\">\n<div class=\"wysija_content center\">\n<div class=\"wysija_image alone\"><img decoding=\"async\" loading=\"lazy\" id=\"anonymous_element_58\" class=\"image_placeholder aligncenter\" src=\"http:\/\/www.arbitraire.fr\/actu\/wp-content\/uploads\/2013\/10\/LignePointsHD-scaled.jpg\" alt=\"\" width=\"562\" height=\"38\" \/><\/div>\n<div class=\"wysija_text\">\n<div id=\"anonymous_element_57\" class=\"text_placeholder empty\">\u00a0<\/div>\n<\/div>\n<\/div>\n<\/div>\n<div id=\"anonymous_element_60\" class=\"block_placeholder enabled\" data-parent=\"anonymous_element_59\">\u00a0<\/div>\n<div id=\"anonymous_element_59\" class=\"wysija_block\">\n<div class=\"wysija_content center\">\n<div class=\"wysija_image alone\"><img decoding=\"async\" loading=\"lazy\" id=\"anonymous_element_62\" class=\"image_placeholder aligncenter\" src=\"http:\/\/www.arbitraire.fr\/actu\/wp-content\/uploads\/2013\/10\/ExpositionsHD.jpg\" alt=\"\" width=\"169\" height=\"68\" \/>\n<div class=\"wysija_params\">\u00a0<\/div>\n<\/div>\n<\/div>\n<\/div>\n<div id=\"anonymous_element_63\" class=\"wysija_block\">\n<div class=\"wysija_content center\">\n<div class=\"wysija_text alone\">\n<div class=\"wysija_editable\">\n<p>Nous vous en avions parl\u00e9, voici quelques photos de l&rsquo;exposition de\u00a0<a href=\"https:\/\/www.arbitraire.fr\/livres_Uneviederegrets.php\">Gwendoline Desnoyers<\/a>\u00a0ayant eu lieu \u00e0\u00a0\u00e0 la galerie BAG \u2013\u00a0<a href=\"https:\/\/bakeryartgallery.com\/\">Bakery Art Gallery<\/a>\u00a0de Bordeaux, dans le cadre du festival\u00a0<a href=\"https:\/\/www.festivalgribouillis.fr\/\">Gribouillis<\/a>, de l&rsquo;installation \u00e0 la visite guid\u00e9e en compagnie de Thomas Bernard, co-commissaire, et d&rsquo;A\u00efda, amie de Gwendoline. Cette\u00a0expo a d\u00e9sormais ferm\u00e9 ses portes mais il para\u00eetrait que d&rsquo;autres versions se pr\u00e9parent ici ou l\u00e0. \u00c0 suivre\u00a0!<\/p>\n<\/div>\n<\/div>\n<\/div>\n<\/div>\n<div id=\"anonymous_element_67\" class=\"block_placeholder enabled\" data-parent=\"anonymous_element_66\">\u00a0<\/div>\n<div id=\"anonymous_element_66\" class=\"wysija_block\">\n<div class=\"wysija_content center\">\n<div class=\"wysija_image alone\"><img decoding=\"async\" loading=\"lazy\" id=\"anonymous_element_69\" class=\"image_placeholder aligncenter\" src=\"http:\/\/www.arbitraire.fr\/actu\/wp-content\/uploads\/2013\/10\/20240909_150524-scaled.jpg\" alt=\"\" width=\"562\" height=\"420\" \/>\n<div class=\"wysija_params\">\u00a0<\/div>\n<\/div>\n<div class=\"wysija_text\">\n<div id=\"anonymous_element_68\" class=\"text_placeholder empty\">\u00a0<\/div>\n<\/div>\n<\/div>\n<\/div>\n<div id=\"anonymous_element_71\" class=\"block_placeholder enabled\" data-parent=\"anonymous_element_70\">\u00a0<\/div>\n<div id=\"anonymous_element_70\" class=\"wysija_block\">\n<div class=\"wysija_content center\">\n<div class=\"wysija_image alone\"><img decoding=\"async\" loading=\"lazy\" id=\"anonymous_element_73\" class=\"image_placeholder aligncenter\" src=\"http:\/\/www.arbitraire.fr\/actu\/wp-content\/uploads\/2013\/10\/20240909_194043-scaled.jpg\" alt=\"\" width=\"562\" height=\"420\" \/>\n<div class=\"wysija_params\">\u00a0<\/div>\n<\/div>\n<div class=\"wysija_text\">\n<div id=\"anonymous_element_72\" class=\"text_placeholder empty\">\u00a0<\/div>\n<\/div>\n<\/div>\n<\/div>\n<div id=\"anonymous_element_75\" class=\"block_placeholder enabled\" data-parent=\"anonymous_element_74\">\u00a0<\/div>\n<div id=\"anonymous_element_74\" class=\"wysija_block\">\n<div class=\"wysija_content center\">\n<div class=\"wysija_image alone\"><img decoding=\"async\" loading=\"lazy\" id=\"anonymous_element_77\" class=\"image_placeholder aligncenter\" src=\"http:\/\/www.arbitraire.fr\/actu\/wp-content\/uploads\/2013\/10\/20240910_200303-scaled.jpg\" alt=\"\" width=\"562\" height=\"420\" \/>\n<div class=\"wysija_params\">\u00a0<\/div>\n<\/div>\n<div class=\"wysija_text\">\n<div id=\"anonymous_element_76\" class=\"text_placeholder empty\">\u00a0<\/div>\n<\/div>\n<\/div>\n<\/div>\n<div id=\"anonymous_element_79\" class=\"block_placeholder enabled\" data-parent=\"anonymous_element_78\">\u00a0<\/div>\n<div id=\"anonymous_element_78\" class=\"wysija_block\">\n<div class=\"wysija_content center\">\n<div class=\"wysija_image alone\"><img decoding=\"async\" loading=\"lazy\" id=\"anonymous_element_81\" class=\"image_placeholder aligncenter\" src=\"http:\/\/www.arbitraire.fr\/actu\/wp-content\/uploads\/2013\/10\/20240915_124904-scaled.jpg\" alt=\"\" width=\"562\" height=\"420\" \/>\n<div class=\"wysija_params\">\u00a0<\/div>\n<\/div>\n<div class=\"wysija_text\">\n<div id=\"anonymous_element_80\" class=\"text_placeholder empty\">\u00a0<\/div>\n<\/div>\n<\/div>\n<\/div>\n<div id=\"anonymous_element_83\" class=\"block_placeholder enabled\" data-parent=\"anonymous_element_82\">\u00a0<\/div>\n<div id=\"anonymous_element_82\" class=\"wysija_block\">\n<div class=\"wysija_content center\">\n<div class=\"wysija_image alone\"><img decoding=\"async\" loading=\"lazy\" id=\"anonymous_element_85\" class=\"image_placeholder aligncenter\" src=\"http:\/\/www.arbitraire.fr\/actu\/wp-content\/uploads\/2013\/10\/20240915_113121-scaled.jpg\" alt=\"\" width=\"562\" height=\"420\" \/>\n<div class=\"wysija_params\">\u00a0<\/div>\n<\/div>\n<div class=\"wysija_text\">\n<div id=\"anonymous_element_84\" class=\"text_placeholder empty\">\u00a0<\/div>\n<\/div>\n<\/div>\n<\/div>\n<div id=\"anonymous_element_87\" class=\"block_placeholder enabled\" data-parent=\"anonymous_element_86\">\u00a0<\/div>\n<div id=\"anonymous_element_86\" class=\"wysija_block\">\n<div class=\"wysija_content center\">\n<div class=\"wysija_image alone\"><img decoding=\"async\" loading=\"lazy\" id=\"anonymous_element_89\" class=\"image_placeholder aligncenter\" src=\"http:\/\/www.arbitraire.fr\/actu\/wp-content\/uploads\/2013\/10\/20240915_125556-scaled.jpg\" alt=\"\" width=\"562\" height=\"420\" \/>\n<div class=\"wysija_params\">\u00a0<\/div>\n<\/div>\n<div class=\"wysija_text\">\n<div id=\"anonymous_element_88\" class=\"text_placeholder empty\">\u00a0<\/div>\n<\/div>\n<\/div>\n<\/div>\n<div id=\"anonymous_element_91\" class=\"block_placeholder enabled\" data-parent=\"anonymous_element_90\">\u00a0<\/div>\n<div id=\"anonymous_element_90\" class=\"wysija_block\">\n<div class=\"wysija_content center\">\n<div class=\"wysija_image alone\"><img decoding=\"async\" loading=\"lazy\" id=\"anonymous_element_93\" class=\"image_placeholder aligncenter\" src=\"http:\/\/www.arbitraire.fr\/actu\/wp-content\/uploads\/2013\/10\/20240910_202440-scaled.jpg\" alt=\"\" width=\"562\" height=\"420\" \/><\/div>\n<\/div>\n<\/div>\n<\/div>\n<\/div>\n<\/div>\n<\/div>\n<div id=\"anonymous_element_26\" class=\"wysija_block\">\n<div class=\"wysija_content center\">\n<div class=\"wysija_text\">\n<div class=\"wysija_editable\">\n<p class=\"align-center\" style=\"text-align: center;\">\u00a0<\/p>\n<\/div>\n<\/div>\n<\/div>\n<\/div>\n","protected":false},"excerpt":{"rendered":"<p>Nous revoil\u00e0 d\u00e9j\u00e0, mais c&rsquo;est parce qu&rsquo;il se passe plein de choses&#8230; Une expo, deux festivals, et hop, c&rsquo;est d\u00e9j\u00e0 le moment pour notre dernier livre,\u00a0Fen\u00eatre Nordde\u00a0Pierre Marty, de sortir en librairie ce vendredi 27 septembre.\u00a0 Pour l&rsquo;occasion on vous &hellip; <a href=\"http:\/\/www.arbitraire.fr\/actu\/2024\/09\/2691\/\">Continuer la lecture <span class=\"meta-nav\">&rarr;<\/span><\/a><\/p>\n","protected":false},"author":1,"featured_media":0,"comment_status":"closed","ping_status":"open","sticky":false,"template":"","format":"standard","meta":[],"categories":[9,4],"tags":[296,248,295],"_links":{"self":[{"href":"http:\/\/www.arbitraire.fr\/actu\/wp-json\/wp\/v2\/posts\/2691"}],"collection":[{"href":"http:\/\/www.arbitraire.fr\/actu\/wp-json\/wp\/v2\/posts"}],"about":[{"href":"http:\/\/www.arbitraire.fr\/actu\/wp-json\/wp\/v2\/types\/post"}],"author":[{"embeddable":true,"href":"http:\/\/www.arbitraire.fr\/actu\/wp-json\/wp\/v2\/users\/1"}],"replies":[{"embeddable":true,"href":"http:\/\/www.arbitraire.fr\/actu\/wp-json\/wp\/v2\/comments?post=2691"}],"version-history":[{"count":3,"href":"http:\/\/www.arbitraire.fr\/actu\/wp-json\/wp\/v2\/posts\/2691\/revisions"}],"predecessor-version":[{"id":2694,"href":"http:\/\/www.arbitraire.fr\/actu\/wp-json\/wp\/v2\/posts\/2691\/revisions\/2694"}],"wp:attachment":[{"href":"http:\/\/www.arbitraire.fr\/actu\/wp-json\/wp\/v2\/media?parent=2691"}],"wp:term":[{"taxonomy":"category","embeddable":true,"href":"http:\/\/www.arbitraire.fr\/actu\/wp-json\/wp\/v2\/categories?post=2691"},{"taxonomy":"post_tag","embeddable":true,"href":"http:\/\/www.arbitraire.fr\/actu\/wp-json\/wp\/v2\/tags?post=2691"}],"curies":[{"name":"wp","href":"https:\/\/api.w.org\/{rel}","templated":true}]}}