{"id":254,"date":"2014-02-10T13:59:07","date_gmt":"2014-02-10T12:59:07","guid":{"rendered":"http:\/\/www.arbitraire.fr\/actu\/?p=254"},"modified":"2016-05-06T12:16:52","modified_gmt":"2016-05-06T10:16:52","slug":"lancement-arbitraire-douze-le-monte-en-lair-mercredi-12-fevrier","status":"publish","type":"post","link":"http:\/\/www.arbitraire.fr\/actu\/2014\/02\/lancement-arbitraire-douze-le-monte-en-lair-mercredi-12-fevrier\/","title":{"rendered":"Lancement Arbitraire Douze &#8211; Le Monte en l&rsquo;Air &#8211; Mercredi 12 F\u00e9vrier"},"content":{"rendered":"<p>Nous serons pr\u00e9sents au <span style=\"color: #ff6600;\"><a href=\"http:\/\/montenlair.wordpress.com\/2014\/01\/31\/arbitraire-12-mont-eugolana-lancement\/\"><span style=\"color: #ff6600;\">Monte en l&rsquo;Air <\/span><\/a><\/span>mercredi 12 F\u00e9vrier \u00e0 partir de 18h30 pour pr\u00e9senter notre dernier livre\/revue : <span style=\"color: #ff6600;\"><a href=\"http:\/\/www.arbitraire.fr\/revue_arbitraire12.php\"><span style=\"color: #ff6600;\">Arbitraire Douze Le Mont Eugolana<\/span><\/a><\/span>. Venez le feuilleter,\u00a0d\u00e9couvrir\u00a0nos autres livres et nous rencontrer !<\/p>\n<p>Pour rappel, la grande et belle librairie <span style=\"color: #ff6600;\">Le Monte en l&rsquo;Air, c&rsquo;est\u00a02 Rue de la Mare, 75020 Paris<\/span> &#8211; Arr\u00eat M\u00e9tro M\u00e9nilmontant&#8230;<\/p>\n<p><span style=\"font-size: small;\"><img decoding=\"async\" loading=\"lazy\" class=\"alignnone  wp-image-255\" src=\"http:\/\/www.arbitraire.fr\/actu\/wp-content\/uploads\/2014\/02\/fly.jpg\" alt=\"fly\" width=\"545\" height=\"1299\" srcset=\"http:\/\/www.arbitraire.fr\/actu\/wp-content\/uploads\/2014\/02\/fly.jpg 995w, http:\/\/www.arbitraire.fr\/actu\/wp-content\/uploads\/2014\/02\/fly-429x1024.jpg 429w, http:\/\/www.arbitraire.fr\/actu\/wp-content\/uploads\/2014\/02\/fly-600x1430.jpg 600w\" sizes=\"(max-width: 545px) 100vw, 545px\" \/><\/span><span style=\"font-size: small;\"><br \/>\n<\/span><\/p>\n<p style='text-align: center;'>\n  <i><br \/>\n    <b style='color: #f90;'><br \/>\n      pour nous contacter, un seul mail :<br \/>\n      <a style='color: #f90;' href='mailto:arbitraire@arbitraire.fr' target='_blank'>arbitraire@arbitraire.fr<br \/>\n      <\/a><br \/>\n    <\/b><br \/>\n  <\/i><\/p>\n","protected":false},"excerpt":{"rendered":"<p>Nous serons pr\u00e9sents au Monte en l&rsquo;Air mercredi 12 F\u00e9vrier \u00e0 partir de 18h30 pour pr\u00e9senter notre dernier livre\/revue : Arbitraire Douze Le Mont Eugolana. Venez le feuilleter,\u00a0d\u00e9couvrir\u00a0nos autres livres et nous rencontrer ! Pour rappel, la grande et belle &hellip; <a href=\"http:\/\/www.arbitraire.fr\/actu\/2014\/02\/lancement-arbitraire-douze-le-monte-en-lair-mercredi-12-fevrier\/\">Continuer la lecture <span class=\"meta-nav\">&rarr;<\/span><\/a><\/p>\n","protected":false},"author":1,"featured_media":0,"comment_status":"closed","ping_status":"open","sticky":false,"template":"","format":"standard","meta":[],"categories":[9],"tags":[],"_links":{"self":[{"href":"http:\/\/www.arbitraire.fr\/actu\/wp-json\/wp\/v2\/posts\/254"}],"collection":[{"href":"http:\/\/www.arbitraire.fr\/actu\/wp-json\/wp\/v2\/posts"}],"about":[{"href":"http:\/\/www.arbitraire.fr\/actu\/wp-json\/wp\/v2\/types\/post"}],"author":[{"embeddable":true,"href":"http:\/\/www.arbitraire.fr\/actu\/wp-json\/wp\/v2\/users\/1"}],"replies":[{"embeddable":true,"href":"http:\/\/www.arbitraire.fr\/actu\/wp-json\/wp\/v2\/comments?post=254"}],"version-history":[{"count":0,"href":"http:\/\/www.arbitraire.fr\/actu\/wp-json\/wp\/v2\/posts\/254\/revisions"}],"wp:attachment":[{"href":"http:\/\/www.arbitraire.fr\/actu\/wp-json\/wp\/v2\/media?parent=254"}],"wp:term":[{"taxonomy":"category","embeddable":true,"href":"http:\/\/www.arbitraire.fr\/actu\/wp-json\/wp\/v2\/categories?post=254"},{"taxonomy":"post_tag","embeddable":true,"href":"http:\/\/www.arbitraire.fr\/actu\/wp-json\/wp\/v2\/tags?post=254"}],"curies":[{"name":"wp","href":"https:\/\/api.w.org\/{rel}","templated":true}]}}