{"id":2398,"date":"2023-04-03T10:51:44","date_gmt":"2023-04-03T08:51:44","guid":{"rendered":"https:\/\/www.arbitraire.fr\/actu\/?p=2398"},"modified":"2023-04-03T10:54:43","modified_gmt":"2023-04-03T08:54:43","slug":"les-nouvelles-arbitraire-avril-2023","status":"publish","type":"post","link":"http:\/\/www.arbitraire.fr\/actu\/2023\/04\/les-nouvelles-arbitraire-avril-2023\/","title":{"rendered":"[Les Nouvelles] Arbitraire &#8211; Avril 2023"},"content":{"rendered":"\n<p><img decoding=\"async\" loading=\"lazy\" class=\"aligncenter  wp-image-2409\" src=\"http:\/\/www.arbitraire.fr\/actu\/wp-content\/uploads\/2023\/04\/TitreNewsNouvellesArbiBD-600x238-1-1.jpg\" alt=\"\" width=\"461\" height=\"183\" srcset=\"http:\/\/www.arbitraire.fr\/actu\/wp-content\/uploads\/2023\/04\/TitreNewsNouvellesArbiBD-600x238-1-1.jpg 600w, http:\/\/www.arbitraire.fr\/actu\/wp-content\/uploads\/2023\/04\/TitreNewsNouvellesArbiBD-600x238-1-1-300x119.jpg 300w\" sizes=\"(max-width: 461px) 100vw, 461px\" \/><\/p>\n<p style=\"text-align: center;\">Ce mois-ci, retrouvez-nous avec deux nouveaux\u00a0<a href=\"http:\/\/www.arbitraire.fr\/zines.php\">zines<\/a><br \/>s\u00e9rigraphi\u00e9s au festival\u00a0<a href=\"https:\/\/azqs.com\/lachevre\/\">La Ch\u00e8vre<\/a>, \u00e0 Strasbourg (14 \u2013 15 \u2013 16 avril).<br \/>Sinon, vous pouvez vous rendre sur notre\u00a0<a href=\"http:\/\/www.arbitraire.fr\/zines.php\">site<\/a>\u00a0pour les d\u00e9couvrir !<br \/><br \/>On est pas peu fi\u00e8r\u00b7es de vous pr\u00e9senter un zine-bo\u00eete musicale<br \/>de Julie Doucet, et une boule-zine de Renaud Thomas.<br \/><br \/>\u00c0\u00a0voir plus bas\u00a0!<\/p>\n<p><img decoding=\"async\" loading=\"lazy\" class=\"aligncenter size-full wp-image-2408\" src=\"http:\/\/www.arbitraire.fr\/actu\/wp-content\/uploads\/2023\/04\/ligne-600x31-3.jpg\" alt=\"\" width=\"600\" height=\"31\" srcset=\"http:\/\/www.arbitraire.fr\/actu\/wp-content\/uploads\/2023\/04\/ligne-600x31-3.jpg 600w, http:\/\/www.arbitraire.fr\/actu\/wp-content\/uploads\/2023\/04\/ligne-600x31-3-300x16.jpg 300w\" sizes=\"(max-width: 600px) 100vw, 600px\" \/> <img decoding=\"async\" loading=\"lazy\" class=\"wp-image-2405 aligncenter\" src=\"http:\/\/www.arbitraire.fr\/actu\/wp-content\/uploads\/2023\/04\/LesZinesBDtriangle-3-300x236-1.jpg\" alt=\"\" width=\"153\" height=\"121\" \/><\/p>\n<p class=\"align-center\" style=\"text-align: center;\"><span style=\"color: #ff0000;\"><strong>La Timidit\u00e9 Vaincue<\/strong><\/span><br \/><span style=\"color: #ff0000;\">&#8211;\u00a0<strong>Julie Doucet &amp;\u00a0Anne-F Jacques<\/strong>\u00a0&#8211;<\/span><br \/><br \/>16 pages &#8211; 16 x 16 cm &#8211; 200 exemplaires &#8211; janvier 2023 &#8211; 15\u20ac<\/p>\n<p class=\"align-center\" style=\"text-align: center;\"><span style=\"color: #ff0000;\"><strong>Livre s\u00e9rigraphi\u00e9 deux passages, num\u00e9rot\u00e9 et sign\u00e9,<\/strong><\/span><br \/><span style=\"color: #ff0000;\"><strong>100 ex \u00e0 vendre via Arbitraire, le reste aupr\u00e8s de l&rsquo;autrice<\/strong><\/span><\/p>\n<p class=\"align-center\" style=\"text-align: center;\">&#8211;\u00a0<a href=\"http:\/\/www.arbitraire.fr\/zines_Timidite_vaincue.php\">Disponible ici<\/a>\u00a0&#8211;<\/p>\n<p><img decoding=\"async\" loading=\"lazy\" class=\"aligncenter  wp-image-2404\" src=\"http:\/\/www.arbitraire.fr\/actu\/wp-content\/uploads\/2023\/04\/Etoile11BD-4.jpg\" alt=\"\" width=\"86\" height=\"67\" \/><\/p>\n<p><a href=\"http:\/\/www.arbitraire.fr\/zines_Timidite_vaincue.php\"><img decoding=\"async\" loading=\"lazy\" class=\"size-full wp-image-2402 aligncenter\" src=\"http:\/\/www.arbitraire.fr\/actu\/wp-content\/uploads\/2023\/04\/DOUCET-600x541-1.jpg\" alt=\"\" width=\"600\" height=\"541\" srcset=\"http:\/\/www.arbitraire.fr\/actu\/wp-content\/uploads\/2023\/04\/DOUCET-600x541-1.jpg 600w, http:\/\/www.arbitraire.fr\/actu\/wp-content\/uploads\/2023\/04\/DOUCET-600x541-1-300x271.jpg 300w\" sizes=\"(max-width: 600px) 100vw, 600px\" \/><\/a><\/p>\n<p class=\"align-center\" style=\"text-align: center;\">\u00a0Merci aux ateliers\u00a0<a href=\"https:\/\/cargocollective.com\/lebouc\/L-ATELIER-DU-BOUC\">Le Bouc\u00a0<\/a>et\u00a0<a href=\"https:\/\/lesmainssales.com\/\">Les Mains Sales<\/a>\u00a0(Angoul\u00eame) pour leur aide.<\/p>\n<p class=\"align-center\" style=\"text-align: center;\">\u00a0Initialement con\u00e7ue pour une boite musicale montr\u00e9e dans une exposition collective \u00e0 Montr\u00e9al, cette s\u00e9rie de<br \/>collages de Julie Doucet a \u00e9t\u00e9 augment\u00e9e et adapt\u00e9e pour ce livre.<br \/>Il\u00a0contient \u00e9galement un lien vers les morceaux de l&rsquo;artiste sonore Anne-F Jacques, \u00e0 \u00e9couter en lisant.\u00a0<br \/>S&rsquo;y d\u00e9roule une suite d&rsquo;encouragements \u00e0 notre encontre, <br \/>nous invitant \u00e0 sortir de notre coquille malgr\u00e9 nos petites joues rouges.<\/p>\n<p><img decoding=\"async\" loading=\"lazy\" class=\"aligncenter size-full wp-image-2408\" src=\"http:\/\/www.arbitraire.fr\/actu\/wp-content\/uploads\/2023\/04\/ligne-600x31-3.jpg\" alt=\"\" width=\"600\" height=\"31\" srcset=\"http:\/\/www.arbitraire.fr\/actu\/wp-content\/uploads\/2023\/04\/ligne-600x31-3.jpg 600w, http:\/\/www.arbitraire.fr\/actu\/wp-content\/uploads\/2023\/04\/ligne-600x31-3-300x16.jpg 300w\" sizes=\"(max-width: 600px) 100vw, 600px\" \/> <img decoding=\"async\" loading=\"lazy\" class=\"aligncenter  wp-image-2411\" src=\"http:\/\/www.arbitraire.fr\/actu\/wp-content\/uploads\/2023\/04\/Triangle2BD-3.jpg\" alt=\"\" width=\"116\" height=\"73\" \/><\/p>\n<p class=\"align-center\" style=\"text-align: center;\"><span style=\"color: #9c6875;\"><strong>Une Boule Dessin\u00e9e<\/strong>\u00a0<\/span><br \/><span style=\"color: #9c6875;\">&#8211;\u00a0<strong>Renaud Thomas<\/strong>\u00a0&#8211;<\/span><\/p>\n<p class=\"align-center\" style=\"text-align: center;\">1 feuille roul\u00e9e en boule \u2013 44 x 44 cm d\u00e9boul\u00e9e \u2013 80 exemplaires \u2013 janvier 2023 &#8211; 4\u20ac<\/p>\n<p class=\"align-center\" style=\"text-align: center;\"><span style=\"color: #9c6875;\"><strong>Impression s\u00e9rigraphie recto verso sur papier 80gr rose ou vert<\/strong><\/span><\/p>\n<p class=\"align-center\" style=\"text-align: center;\"><a href=\"http:\/\/www.arbitraire.fr\/zines_Boule_dessinee.php\">&#8211; Disponible ici &#8211;<\/a><br \/>(merci de pr\u00e9ciser la couleur souhait\u00e9e \u00e0 la commande)<img decoding=\"async\" loading=\"lazy\" class=\"aligncenter  wp-image-2403\" src=\"http:\/\/www.arbitraire.fr\/actu\/wp-content\/uploads\/2023\/04\/Etoile3BD-3.jpg\" alt=\"\" width=\"87\" height=\"83\" \/><\/p>\n<p class=\"align-center\" style=\"text-align: center;\"><a href=\"http:\/\/www.arbitraire.fr\/zines_Boule_dessinee.php\"><img decoding=\"async\" loading=\"lazy\" class=\" wp-image-2399\" src=\"http:\/\/www.arbitraire.fr\/actu\/wp-content\/uploads\/2023\/04\/BOULE.jpg\" alt=\"\" width=\"699\" height=\"513\" srcset=\"http:\/\/www.arbitraire.fr\/actu\/wp-content\/uploads\/2023\/04\/BOULE.jpg 2450w, http:\/\/www.arbitraire.fr\/actu\/wp-content\/uploads\/2023\/04\/BOULE-300x220.jpg 300w, http:\/\/www.arbitraire.fr\/actu\/wp-content\/uploads\/2023\/04\/BOULE-1024x752.jpg 1024w, http:\/\/www.arbitraire.fr\/actu\/wp-content\/uploads\/2023\/04\/BOULE-768x564.jpg 768w, http:\/\/www.arbitraire.fr\/actu\/wp-content\/uploads\/2023\/04\/BOULE-600x441.jpg 600w, http:\/\/www.arbitraire.fr\/actu\/wp-content\/uploads\/2023\/04\/BOULE-1536x1128.jpg 1536w, http:\/\/www.arbitraire.fr\/actu\/wp-content\/uploads\/2023\/04\/BOULE-2048x1505.jpg 2048w, http:\/\/www.arbitraire.fr\/actu\/wp-content\/uploads\/2023\/04\/BOULE-1320x970.jpg 1320w\" sizes=\"(max-width: 699px) 100vw, 699px\" \/><\/a><\/p>\n<p class=\"align-center\" style=\"text-align: center;\">Merci aux ateliers\u00a0<a href=\"https:\/\/cargocollective.com\/lebouc\/L-ATELIER-DU-BOUC\">Le Bouc\u00a0<\/a>et\u00a0<a href=\"https:\/\/lesmainssales.com\/\">Les Mains Sales<\/a>\u00a0(Angoul\u00eame) pour leur aide.<\/p>\n<p class=\"align-center\" style=\"text-align: center;\">Le principe est simple, mais pas tant que \u00e7a. On y parle d&rsquo;amiti\u00e9s perdues,<br \/>du temps qui passe et des rides qui se forment \u00e0 chaque fois qu&rsquo;on ouvre et ferme un livre.<\/p>\n<p><img decoding=\"async\" loading=\"lazy\" class=\"aligncenter size-full wp-image-2406\" src=\"http:\/\/www.arbitraire.fr\/actu\/wp-content\/uploads\/2023\/04\/ligne-600x31-1.jpg\" alt=\"\" width=\"600\" height=\"31\" srcset=\"http:\/\/www.arbitraire.fr\/actu\/wp-content\/uploads\/2023\/04\/ligne-600x31-1.jpg 600w, http:\/\/www.arbitraire.fr\/actu\/wp-content\/uploads\/2023\/04\/ligne-600x31-1-300x16.jpg 300w\" sizes=\"(max-width: 600px) 100vw, 600px\" \/><\/p>\n<p><img decoding=\"async\" loading=\"lazy\" class=\"aligncenter  wp-image-2394\" src=\"http:\/\/www.arbitraire.fr\/actu\/wp-content\/uploads\/2013\/10\/ChronogeoBD-triangle-1.jpg\" alt=\"\" width=\"314\" height=\"148\" srcset=\"http:\/\/www.arbitraire.fr\/actu\/wp-content\/uploads\/2013\/10\/ChronogeoBD-triangle-1.jpg 628w, http:\/\/www.arbitraire.fr\/actu\/wp-content\/uploads\/2013\/10\/ChronogeoBD-triangle-1-300x141.jpg 300w, http:\/\/www.arbitraire.fr\/actu\/wp-content\/uploads\/2013\/10\/ChronogeoBD-triangle-1-600x283.jpg 600w\" sizes=\"(max-width: 314px) 100vw, 314px\" \/><\/p>\n<p><a href=\"https:\/\/azqs.com\/lachevre\/\"><img decoding=\"async\" loading=\"lazy\" class=\"aligncenter  wp-image-2401\" src=\"http:\/\/www.arbitraire.fr\/actu\/wp-content\/uploads\/2023\/04\/Chevrefeuille-1-600x695-1.jpg\" alt=\"\" width=\"321\" height=\"372\" srcset=\"http:\/\/www.arbitraire.fr\/actu\/wp-content\/uploads\/2023\/04\/Chevrefeuille-1-600x695-1.jpg 600w, http:\/\/www.arbitraire.fr\/actu\/wp-content\/uploads\/2023\/04\/Chevrefeuille-1-600x695-1-259x300.jpg 259w\" sizes=\"(max-width: 321px) 100vw, 321px\" \/><\/a><\/p>\n<p>\u00a0<\/p>\n<p class=\"align-center\" style=\"text-align: center;\"><strong>&#8211; Rejoignez-nous \u00e0 Strasbourg mi-avril &#8211;<\/strong><\/p>\n<p class=\"align-center\" style=\"text-align: center;\"><strong>La CH\u00c8VRE<\/strong><\/p>\n<p class=\"align-center\" style=\"text-align: center;\">Salon d\u2019\u00e9ditions livresques et musicales<br \/>revient au\u00a0<a href=\"https:\/\/www.molodoi.net\/events\/programmation\/406-la-chevre-tinca-tinca\/2023-04-14-14-00.html\">CAJ MOLODO\u00cf<\/a>,<br \/>19 rue du Ban de la Roche, STRASBOURG<br \/>du 14 au 16 avril 2023 !<\/p>\n<p class=\"align-center\" style=\"text-align: center;\">\u00a0Au programme,\u00a0<a href=\"http:\/\/azqs.com\/lachevre\/stands-dediteurs\/\">des stands h\u00e9t\u00e9roclites d\u2019\u00e9diteurices ind\u00e9pendantEs de bouquins,<br \/><\/a><a href=\"http:\/\/azqs.com\/lachevre\/stands-dediteurs\/\">de brochures, de fanzines.<br \/><\/a>Vous y trouverez aussi des\u00a0<a href=\"http:\/\/azqs.com\/lachevre\/labels-2\/\">labels de l\u2019ombre<\/a>,<br \/>aux productions plus ou moins bruitistes.<\/p>\n<p class=\"align-center\" style=\"text-align: center;\">Mais aussi des\u00a0<a href=\"http:\/\/azqs.com\/lachevre\/presentations-discussions\/\">pr\u00e9sentations de bouquins<\/a>,<br \/>suivies de d\u00e9bats\/ discussions \/ \u00e9changes.<\/p>\n<p class=\"align-center\" style=\"text-align: center;\">Mais itou des\u00a0<a href=\"https:\/\/azqs.com\/lachevre\/ateliers\/\">ateliers cr\u00e9atifs<\/a>, des \u00e9coutes radiophoniques,<br \/>des\u00a0<a href=\"https:\/\/azqs.com\/lachevre\/concerts-2\/\">concerts loufoques, baroques et bruyants<\/a>.<\/p>\n<p class=\"align-center\" style=\"text-align: center;\">Sans oublier du miam miam, du glou glou,<br \/>du bla bla, du ha ha et du grr grr.<\/p>\n<p class=\"align-center\" style=\"text-align: center;\">&#8211;\u00a0<a href=\"https:\/\/azqs.com\/lachevre\/\">Tout le programme ici<\/a>\u00a0&#8211;<\/p>\n<p>\u00a0<\/p>\n<p class=\"align-center\" style=\"text-align: center;\"><img decoding=\"async\" loading=\"lazy\" class=\"aligncenter  wp-image-2414\" src=\"http:\/\/www.arbitraire.fr\/actu\/wp-content\/uploads\/2023\/04\/z3-7.jpg\" alt=\"\" width=\"75\" height=\"75\" srcset=\"http:\/\/www.arbitraire.fr\/actu\/wp-content\/uploads\/2023\/04\/z3-7.jpg 280w, http:\/\/www.arbitraire.fr\/actu\/wp-content\/uploads\/2023\/04\/z3-7-150x150.jpg 150w\" sizes=\"(max-width: 75px) 100vw, 75px\" \/><\/p>\n","protected":false},"excerpt":{"rendered":"<p>Ce mois-ci, retrouvez-nous avec deux nouveaux\u00a0ziness\u00e9rigraphi\u00e9s au festival\u00a0La Ch\u00e8vre, \u00e0 Strasbourg (14 \u2013 15 \u2013 16 avril).Sinon, vous pouvez vous rendre sur notre\u00a0site\u00a0pour les d\u00e9couvrir ! On est pas peu fi\u00e8r\u00b7es de vous pr\u00e9senter un zine-bo\u00eete musicalede Julie Doucet, et &hellip; <a href=\"http:\/\/www.arbitraire.fr\/actu\/2023\/04\/les-nouvelles-arbitraire-avril-2023\/\">Continuer la lecture <span class=\"meta-nav\">&rarr;<\/span><\/a><\/p>\n","protected":false},"author":1,"featured_media":0,"comment_status":"closed","ping_status":"open","sticky":false,"template":"","format":"standard","meta":[],"categories":[8,1,157],"tags":[287,16,282,281,284,286,36,63,285,283,136],"_links":{"self":[{"href":"http:\/\/www.arbitraire.fr\/actu\/wp-json\/wp\/v2\/posts\/2398"}],"collection":[{"href":"http:\/\/www.arbitraire.fr\/actu\/wp-json\/wp\/v2\/posts"}],"about":[{"href":"http:\/\/www.arbitraire.fr\/actu\/wp-json\/wp\/v2\/types\/post"}],"author":[{"embeddable":true,"href":"http:\/\/www.arbitraire.fr\/actu\/wp-json\/wp\/v2\/users\/1"}],"replies":[{"embeddable":true,"href":"http:\/\/www.arbitraire.fr\/actu\/wp-json\/wp\/v2\/comments?post=2398"}],"version-history":[{"count":6,"href":"http:\/\/www.arbitraire.fr\/actu\/wp-json\/wp\/v2\/posts\/2398\/revisions"}],"predecessor-version":[{"id":2420,"href":"http:\/\/www.arbitraire.fr\/actu\/wp-json\/wp\/v2\/posts\/2398\/revisions\/2420"}],"wp:attachment":[{"href":"http:\/\/www.arbitraire.fr\/actu\/wp-json\/wp\/v2\/media?parent=2398"}],"wp:term":[{"taxonomy":"category","embeddable":true,"href":"http:\/\/www.arbitraire.fr\/actu\/wp-json\/wp\/v2\/categories?post=2398"},{"taxonomy":"post_tag","embeddable":true,"href":"http:\/\/www.arbitraire.fr\/actu\/wp-json\/wp\/v2\/tags?post=2398"}],"curies":[{"name":"wp","href":"https:\/\/api.w.org\/{rel}","templated":true}]}}