{"id":225,"date":"2014-01-24T18:32:55","date_gmt":"2014-01-24T17:32:55","guid":{"rendered":"http:\/\/www.arbitraire.fr\/actu\/?p=225"},"modified":"2016-05-06T12:16:38","modified_gmt":"2016-05-06T10:16:38","slug":"arbitraire-12-le-mont-eugolana","status":"publish","type":"post","link":"http:\/\/www.arbitraire.fr\/actu\/2014\/01\/arbitraire-12-le-mont-eugolana\/","title":{"rendered":"ARBITRAIRE 12 &#8211; Le Mont Eugolana"},"content":{"rendered":"<p style=\"text-align: justify;\">Jusqu\u2019\u00e0 maintenant, la revue <a href=\"http:\/\/www.arbitraire.fr\/revue_arbitraire12.php\">Arbitraire<\/a> regroupait des planches de bande dessin\u00e9e r\u00e9alis\u00e9es par les auteurs du collectif et des invit\u00e9s ; 11 num\u00e9ros se sont ainsi succ\u00e9d\u00e9s, manifestant au fur et \u00e0 mesure les \u00e9volutions et les go\u00fbts de chaque membre d\u2019Arbitraire. Le cahier collectif du num\u00e9ro 11 fut un terrain de jeu exp\u00e9rimental o\u00f9 chaque participation compl\u00e9tait, modifiait, amplifiait le sens des autres. Cette ann\u00e9e nous avons eu envie de renouveler l\u2019exp\u00e9rience en allant plus loin et en construisant enti\u00e8rement la revue autour de cet exercice.<\/p>\n<p style=\"text-align: center;\"><span style=\"font-size: medium; color: #800080;\">Quel est donc ce myst\u00e9rieux Mont Eugolana ?<\/span><\/p>\n<p style=\"text-align: justify;\"><span style=\"font-size: medium; color: #800080;\">\u00c0 l\u2019instar de Ren\u00e9 Daumal dans son Mont Analogue, le r\u00e9cit que vous lirez dans Arbitraire 12, explore le mythe de la montagne sacr\u00e9e, celle dont le sommet reste \u00e9pargn\u00e9 par la trace de l\u2019Homme. Dans la mythologie, la montagne est l\u2019\u00e9chelle permettant \u00e0 l\u2019humain de se rapprocher du royaume des Dieux. En r\u00e9alit\u00e9, son ascension travaille le corps et permet l\u2019\u00e9l\u00e9vation de l\u2019esprit.<\/span><\/p>\n<p style=\"text-align: center;\"><a href=\"http:\/\/www.arbitraire.fr\/revue_arbitraire12.php\"><img decoding=\"async\" loading=\"lazy\" class=\"alignnone size-full wp-image-226\" src=\"http:\/\/www.arbitraire.fr\/actu\/wp-content\/uploads\/2014\/01\/Arbi12_actu1.jpg\" alt=\"Arbi12_actu1\" width=\"913\" height=\"1522\" srcset=\"http:\/\/www.arbitraire.fr\/actu\/wp-content\/uploads\/2014\/01\/Arbi12_actu1.jpg 913w, http:\/\/www.arbitraire.fr\/actu\/wp-content\/uploads\/2014\/01\/Arbi12_actu1-614x1024.jpg 614w, http:\/\/www.arbitraire.fr\/actu\/wp-content\/uploads\/2014\/01\/Arbi12_actu1-600x1000.jpg 600w\" sizes=\"(max-width: 913px) 100vw, 913px\" \/><\/a><\/p>\n<p style=\"text-align: center;\"><em>48 pages \/ Quadrichromie \/ 17 x 29,4 cm \/ Prix : 14\u20ac<br \/>\n<\/em><em>Avec : <a href=\"juliennem.ultra-book.com\">Julien Nem<\/a>, <a href=\"www.charlespapier.com\">Renaud Thomas<\/a>, <a href=\"http:\/\/opheliebernaud.com\/\">Oph\u00e9lie Bernaud<\/a>, <a href=\"http:\/\/pierreferrero.tumblr.com\/\">Pierre Ferrero<\/a>, <a href=\"http:\/\/www.antoinemarchalot.com\/\">Antoine Marchalot<\/a>, <a href=\"http:\/\/vincentpianina.blogspot.com\">Vincent Pianina<\/a>.<\/em><\/p>\n<p style=\"text-align: justify;\">Arbitraire est actuellement en p\u00e9riode de r\u00e9flexion concernant <span style=\"color: #ff6600;\">la diffusion et la distribution <\/span>de son catalogue. Il ne nous est plus possible de g\u00e9rer notre placement en librairie, d\u00e9j\u00e0 sommaire et hasardeux, en France et \u00e0 l&rsquo;\u00e9tranger. En attendant de travailler avec des professionnels de la diffusion-distribution, ou de trouver de nouvelles solutions, nous mettons en place un syst\u00e8me qui a le m\u00e9rite d&rsquo;exister :<\/p>\n<p style=\"text-align: justify;\">&#8211; Arbitraire 12 sera disponible dans <span style=\"color: #ff6600;\">les librairies de Lyon et Paris<\/span> avec lesquelles nous travaillons habituellement, \u00e0 partir de f\u00e9vrier.<br \/>\n&#8211; Tout libraire souhaitant recevoir le nouveau num\u00e9ro de la revue, ou faire des r\u00e9assorts peut nous contacter \u00e0 arbitraire@arbitraire.fr<br \/>\n&#8211; La <span style=\"color: #ff6600;\">vente par correspondance<\/span> est toujours possible. Nous offrons les frais de port sur Arbitraire 12 pour les cinquante premiers lecteurs, hors Lyon, Paris, et les villes dans lesquelles nous aurons envoy\u00e9 des revues. Rendez-vous chez votre libraire.<br \/>\n&#8211; Un <span style=\"color: #333333;\">lancement<\/span> aura lieu \u00e0 Paris au <a href=\"https:\/\/www.facebook.com\/pages\/Le-Monte-en-lair\/156587577743503\">Monte-en-l&rsquo;Air<\/a>, un \u00e0 Lyon \u00e0 <a href=\"http:\/\/www.librairie-experience.com\/\">Exp\u00e9rience<\/a>, et nous serons bien s\u00fbr au <span style=\"color: #ff6600;\">festival d&rsquo;Angoul\u00eame<\/span>, et \u00e0 <span style=\"color: #ff6600;\"><a href=\"http:\/\/www.fanzino.org\/2014\/01\/from-69-to-86\/\"><span style=\"color: #ff6600;\">Poitiers<\/span><\/a><\/span> pour une exposition autour de ce num\u00e9ro tr\u00e8s sp\u00e9cial d&rsquo;Arbitraire. Plus de d\u00e9tails bient\u00f4t !<\/p>\n<p><\/p>\n<p style='text-align: center;'>\n  <i><br \/>\n    <b style='color: #f90;'><br \/>\n      pour nous contacter, un seul mail :<br \/>\n      <a style='color: #f90;' href='mailto:arbitraire@arbitraire.fr' target='_blank'>arbitraire@arbitraire.fr<br \/>\n      <\/a><br \/>\n    <\/b><br \/>\n  <\/i><\/p>\n","protected":false},"excerpt":{"rendered":"<p>Jusqu\u2019\u00e0 maintenant, la revue Arbitraire regroupait des planches de bande dessin\u00e9e r\u00e9alis\u00e9es par les auteurs du collectif et des invit\u00e9s ; 11 num\u00e9ros se sont ainsi succ\u00e9d\u00e9s, manifestant au fur et \u00e0 mesure les \u00e9volutions et les go\u00fbts de chaque &hellip; <a href=\"http:\/\/www.arbitraire.fr\/actu\/2014\/01\/arbitraire-12-le-mont-eugolana\/\">Continuer la lecture <span class=\"meta-nav\">&rarr;<\/span><\/a><\/p>\n","protected":false},"author":1,"featured_media":0,"comment_status":"closed","ping_status":"open","sticky":false,"template":"","format":"standard","meta":[],"categories":[5],"tags":[],"_links":{"self":[{"href":"http:\/\/www.arbitraire.fr\/actu\/wp-json\/wp\/v2\/posts\/225"}],"collection":[{"href":"http:\/\/www.arbitraire.fr\/actu\/wp-json\/wp\/v2\/posts"}],"about":[{"href":"http:\/\/www.arbitraire.fr\/actu\/wp-json\/wp\/v2\/types\/post"}],"author":[{"embeddable":true,"href":"http:\/\/www.arbitraire.fr\/actu\/wp-json\/wp\/v2\/users\/1"}],"replies":[{"embeddable":true,"href":"http:\/\/www.arbitraire.fr\/actu\/wp-json\/wp\/v2\/comments?post=225"}],"version-history":[{"count":0,"href":"http:\/\/www.arbitraire.fr\/actu\/wp-json\/wp\/v2\/posts\/225\/revisions"}],"wp:attachment":[{"href":"http:\/\/www.arbitraire.fr\/actu\/wp-json\/wp\/v2\/media?parent=225"}],"wp:term":[{"taxonomy":"category","embeddable":true,"href":"http:\/\/www.arbitraire.fr\/actu\/wp-json\/wp\/v2\/categories?post=225"},{"taxonomy":"post_tag","embeddable":true,"href":"http:\/\/www.arbitraire.fr\/actu\/wp-json\/wp\/v2\/tags?post=225"}],"curies":[{"name":"wp","href":"https:\/\/api.w.org\/{rel}","templated":true}]}}