{"id":1825,"date":"2020-01-22T13:18:39","date_gmt":"2020-01-22T12:18:39","guid":{"rendered":"http:\/\/www.arbitraire.fr\/actu\/?p=1825"},"modified":"2020-01-22T13:18:39","modified_gmt":"2020-01-22T12:18:39","slug":"arbitraire-les-nouvelles-janvier-2020","status":"publish","type":"post","link":"http:\/\/www.arbitraire.fr\/actu\/2020\/01\/arbitraire-les-nouvelles-janvier-2020\/","title":{"rendered":"Arbitraire &#8211; Les Nouvelles &#8211; Janvier 2020"},"content":{"rendered":"\n<div class=\"wp-block-image\"><figure class=\"aligncenter is-resized\"><img decoding=\"async\" loading=\"lazy\" src=\"http:\/\/www.arbitraire.fr\/actu\/wp-content\/uploads\/2013\/10\/TitreNewsNouvellesArbiBD-600x238-1-5.jpg\" alt=\"\" class=\"wp-image-1804\" width=\"361\" height=\"143\" srcset=\"http:\/\/www.arbitraire.fr\/actu\/wp-content\/uploads\/2013\/10\/TitreNewsNouvellesArbiBD-600x238-1-5.jpg 600w, http:\/\/www.arbitraire.fr\/actu\/wp-content\/uploads\/2013\/10\/TitreNewsNouvellesArbiBD-600x238-1-5-300x119.jpg 300w\" sizes=\"(max-width: 361px) 100vw, 361px\" \/><\/figure><\/div>\n\n\n\n<div class=\"wp-block-image\"><figure class=\"aligncenter is-resized\"><img decoding=\"async\" loading=\"lazy\" src=\"http:\/\/www.arbitraire.fr\/actu\/wp-content\/uploads\/2013\/10\/Eclat-BD-1-600x506-300x253-1.jpg\" alt=\"\" class=\"wp-image-1794\" width=\"69\" height=\"57\"\/><\/figure><\/div>\n\n\n\n<p style=\"text-align:center\">Comme chaque ann\u00e9e, nous serons \u00e0 \u00ab\u00a0La BD\u00a0\u00bb pour le<br><a href=\"https:\/\/www.bdangouleme.com\/\">Festival International de la Bande Dessin\u00e9e d&rsquo;Angoul\u00eame<\/a>,<br>du 30 janvier au 2 f\u00e9vrier.<br>Gros programme cette ann\u00e9e : en plus de f\u00eater la sortie en preview<br>de\u00a0<a href=\"http:\/\/www.arbitraire.fr\/livres_Stickboy.php\"><em>Stickboy<\/em><\/a>\u00a0de Dennis Worden, certain\u00b7e\u00b7s partageront le don d&rsquo;ubiquit\u00e9.<br><a href=\"https:\/\/antoinemarchalot.tumblr.com\/\">Antoine Marchalot\u00a0<\/a>et\u00a0<a href=\"https:\/\/spongiculture.net\/\">Oriane Lassus<\/a>\u00a0galoperont entre leurs \u00e9diteurs respectifs et <br>des expositions personnelles qui leurs sont consacr\u00e9es <br>par le festival pour l&rsquo;un, et l&rsquo;\u00c9ESI pour l&rsquo;autre. <br>Et Renaud Thomas sortira d&rsquo;une grosse semaine d&rsquo;impression <br>avec l&rsquo;<a href=\"http:\/\/www.pierrefeuilleciseaux.com\/\">Association CHIFOUMI<\/a>, <br>venez le soutenir apr\u00e8s ses moult nuits blanches !<\/p>\n\n\n\n<div class=\"wp-block-image\"><figure class=\"aligncenter is-resized\"><img decoding=\"async\" loading=\"lazy\" src=\"http:\/\/www.arbitraire.fr\/actu\/wp-content\/uploads\/2013\/10\/Fauve1BD-1.jpg\" alt=\"\" class=\"wp-image-1816\" width=\"136\" height=\"148\"\/><\/figure><\/div>\n\n\n\n<div class=\"wp-block-image\"><figure class=\"aligncenter\"><img decoding=\"async\" loading=\"lazy\" width=\"600\" height=\"31\" src=\"http:\/\/www.arbitraire.fr\/actu\/wp-content\/uploads\/2013\/10\/ligne-600x31-1-4.jpg\" alt=\"\" class=\"wp-image-1799\" srcset=\"http:\/\/www.arbitraire.fr\/actu\/wp-content\/uploads\/2013\/10\/ligne-600x31-1-4.jpg 600w, http:\/\/www.arbitraire.fr\/actu\/wp-content\/uploads\/2013\/10\/ligne-600x31-1-4-300x16.jpg 300w\" sizes=\"(max-width: 600px) 100vw, 600px\" \/><\/figure><\/div>\n\n\n\n<div class=\"wp-block-image\"><figure class=\"aligncenter is-resized\"><img decoding=\"async\" loading=\"lazy\" src=\"http:\/\/www.arbitraire.fr\/actu\/wp-content\/uploads\/2013\/10\/ChronogeoBD-4-600x213-1-2.jpg\" alt=\"\" class=\"wp-image-1792\" width=\"300\" height=\"106\" srcset=\"http:\/\/www.arbitraire.fr\/actu\/wp-content\/uploads\/2013\/10\/ChronogeoBD-4-600x213-1-2.jpg 600w, http:\/\/www.arbitraire.fr\/actu\/wp-content\/uploads\/2013\/10\/ChronogeoBD-4-600x213-1-2-300x107.jpg 300w\" sizes=\"(max-width: 300px) 100vw, 300px\" \/><\/figure><\/div>\n\n\n\n<div class=\"wp-block-image\"><figure class=\"aligncenter is-resized\"><img decoding=\"async\" loading=\"lazy\" src=\"http:\/\/www.arbitraire.fr\/actu\/wp-content\/uploads\/2013\/10\/Etoile11BD-1.jpg\" alt=\"\" class=\"wp-image-1823\" width=\"81\" height=\"63\"\/><\/figure><\/div>\n\n\n\n<p style=\"text-align:center\" class=\"has-text-color has-luminous-vivid-orange-color\"><strong>&#8211; La bande d&rsquo;Antoine Marchalot dessin\u00e9e &#8211;<br>L&rsquo;alpha \u2013 M\u00e9diath\u00e8que<\/strong><\/p>\n\n\n\n<p style=\"text-align:center\" class=\"has-text-color has-very-dark-gray-color\"><strong>1 Rue Coulomb, 16000 Angoul\u00eame<\/strong><br>Du\u00a030 janvier 2020 au\u00a002 f\u00e9vrier 2020<br><br><strong>Commissaire :<\/strong><br>Antoine Marchalot\u00a0<br><br><strong>Sc\u00e9nographes :<\/strong><br>Antoine Marchalot &amp; Margaux Duseigneur<\/p>\n\n\n\n<div class=\"wp-block-image\"><figure class=\"aligncenter is-resized\"><a href=\"https:\/\/www.bdangouleme.com\/la-bande-antoine-marchalot-dessinee\" target=\"_blank\" rel=\"noreferrer noopener\"><img decoding=\"async\" loading=\"lazy\" src=\"http:\/\/www.arbitraire.fr\/actu\/wp-content\/uploads\/2013\/10\/Affiche-copy-683x1024.jpg\" alt=\"\" class=\"wp-image-1812\" width=\"411\" height=\"617\" srcset=\"http:\/\/www.arbitraire.fr\/actu\/wp-content\/uploads\/2013\/10\/Affiche-copy-683x1024.jpg 683w, http:\/\/www.arbitraire.fr\/actu\/wp-content\/uploads\/2013\/10\/Affiche-copy-200x300.jpg 200w, http:\/\/www.arbitraire.fr\/actu\/wp-content\/uploads\/2013\/10\/Affiche-copy-768x1152.jpg 768w, http:\/\/www.arbitraire.fr\/actu\/wp-content\/uploads\/2013\/10\/Affiche-copy-600x900.jpg 600w, http:\/\/www.arbitraire.fr\/actu\/wp-content\/uploads\/2013\/10\/Affiche-copy.jpg 1134w\" sizes=\"(max-width: 411px) 100vw, 411px\" \/><\/a><\/figure><\/div>\n\n\n\n<p style=\"text-align:center\"><strong>Rencontre samedi 1er f\u00e9vrier \u00e0 11h00<\/strong><br>La Bdth\u00e8que,&nbsp;<br>Espace Franquin,&nbsp;1 Boulevard Berthelot, 16000 Angoul\u00eame<\/p>\n\n\n\n<p style=\"text-align:center\">L&rsquo;exposition d&rsquo;Antoine Marchalot est un voyage dans les diff\u00e9rentes productions, construit \u00e0 peu pr\u00e8s comme ses BD : <br>n&rsquo;importe comment, sans queue ni t\u00eate, du moment qu&rsquo;on peut y voir r\u00e9guli\u00e8rement un chien rigolo pour d\u00e9tendre l&rsquo;atmosph\u00e8re. <br>On y verra ses planches mais aussi des recherches, des peintures, des photos de vacances, <br>tout ce qui est susceptible de faire passer un bon moment \u00e0 des visiteurs ext\u00e9nu\u00e9s.<br><br><\/p>\n\n\n\n<p style=\"text-align:center\"><a href=\"https:\/\/www.bdangouleme.com\/la-bande-antoine-marchalot-dessinee\">https:\/\/www.bdangouleme.com\/la-bande-antoine-marchalot-dessinee<\/a><\/p>\n\n\n\n<div class=\"wp-block-image\"><figure class=\"aligncenter is-resized\"><img decoding=\"async\" loading=\"lazy\" src=\"http:\/\/www.arbitraire.fr\/actu\/wp-content\/uploads\/2013\/10\/Etoile11BD-1.jpg\" alt=\"\" class=\"wp-image-1823\" width=\"86\" height=\"66\"\/><\/figure><\/div>\n\n\n\n<p style=\"text-align:center\" class=\"has-text-color has-pale-cyan-blue-color\"><strong>\ufeff- Oriane Lassus&nbsp;: Laur\u00e9ate du Prix de l\u2019\u00c9ESI 2020 &#8211;<\/strong><br><strong>(Verri\u00e8re de&nbsp;l\u2019\u00c9ESI)<\/strong><\/p>\n\n\n\n<p style=\"text-align:center\">Inauguration le jeudi 30 janvier \u00e0 12h30, Verri\u00e8re de l\u2019\u00c9ESI<br><strong>Horaires d\u2019ouverture pendant le FIBD :<\/strong><br>Jeudi 30 et vendredi 31 janvier\u00a0: 10h-19h<br>Samedi 1er f\u00e9vrier\u00a0: 10h-20h<br>Dimanche 2 f\u00e9vrier\u00a0: 10h-17h<br><br>Puis, jusqu\u2019au Samedi 15 f\u00e9vrier<br>(Journ\u00e9e Portes ouvertes de l\u2019\u00c9ESI), de 10h \u00e0 17h<br>Entr\u00e9e libre<\/p>\n\n\n\n<div class=\"wp-block-image\"><figure class=\"aligncenter is-resized\"><a href=\"https:\/\/www.eesi.eu\/site\/spip.php?article2147\" target=\"_blank\" rel=\"noreferrer noopener\"><img decoding=\"async\" loading=\"lazy\" src=\"http:\/\/www.arbitraire.fr\/actu\/wp-content\/uploads\/2013\/10\/Prix-Affiche-LD-717x1024.jpg\" alt=\"\" class=\"wp-image-1818\" width=\"479\" height=\"682\"\/><\/a><\/figure><\/div>\n\n\n\n<p style=\"text-align:center\">Le Prix de l\u2019\u00c9ESI 2020 et l\u2019exposition qui lui est consacr\u00e9e <br>offrent une nouvelle occasion de plonger dans l\u2019univers <br>d\u2019Oriane Lassus, un univers aux traits noirs et aux accents parfois d\u00e9senchant\u00e9s \u2013 <br>mais souvent tr\u00e8s dr\u00f4les, o\u00f9 se joue autrement la banalit\u00e9 des sc\u00e8nes de la vie quotidienne, <br>o\u00f9 les lieux communs de l\u2019existence post-moderne <br>(du supermarch\u00e9 au road-trip familial), o\u00f9 les pseudo\u00e9vidences <br>des traditions, comme celles de l\u2019habitude \u2013 danser, draguer, <br>avoir des enfants ou pas \u2013 sont pass\u00e9s au r\u00e9v\u00e9lateur acide de la jeune autrice.<br>L\u2019exposition donne \u00e0 voir un large aper\u00e7u des travaux d\u2019Oriane Lassus,<br> puisant dans son archive personnelle ou dans son blog, et dans les <br>ouvrages qu\u2019elle a publi\u00e9s ces derni\u00e8res ann\u00e9es\u00a0:\u00a0<br><em>Sylvie pour la caisse 5<\/em>\u00a0(\u00c9ditions H\u00e9catombe \/ coll. RVB, 2018, <br>publication num\u00e9rique)\u00a0;\u00a0<em>Le Meilleurissime Repaire de la Terre<\/em><br>\u00a0(\u00c9ditions Biscoto, 2017, pour les jeunes lecteurs)\u00a0;\u00a0<br><em>Quoi de plus normal qu\u2019infliger la vie\u00a0?<\/em>\u00a0(\u00c9ditions Arbitraire, 2016)\u00a0;<em>\u00a0<\/em><br><em>Immobilerie Pointure<\/em>, (\u00c9ditions Super Structure, 2013)\u00a0;\u00a0<br><em>\u00c7a va derri\u00e8re\u00a0?<\/em>\u00a0(\u00c9ditions Vraoum, 2012).<br><br><a href=\"https:\/\/www.eesi.eu\/site\/spip.php?article2147\">https:\/\/www.eesi.eu\/site\/spip.php?article2147<\/a><\/p>\n\n\n\n<p style=\"text-align:center\"><strong>Et aussi :<\/strong><br><a href=\"https:\/\/alca-nouvelle-aquitaine.fr\/fr\/agenda\/l-experimentation-est-elle-soluble-dans-la-bande-dessinee?fbclid=IwAR3skbkZavB5r5ypfmet89bEGEoeZlATFtxVlZgKbiXEFW_rHifytdtFkNw\">Rencontre le jeudi 30 janvier &#8211; 9h00<\/a>\u00a0dans le cadre de la conf\u00e9rence<br><strong>\u00ab\u00a0L\u2019exp\u00e9rimentation est-elle soluble dans la bande dessin\u00e9e ?\u00a0\u00bb<\/strong><br>Oriane Lassus &amp; Jean-Christophe Menu,<br>anim\u00e9e par Julien Misserey<br>L\u2019Alpha \u2013 M\u00e9diath\u00e8que de Grand Angoul\u00eame<br>1 Rue Coulomb<br>16000 Angoul\u00eame<\/p>\n\n\n\n<div class=\"wp-block-image\"><figure class=\"aligncenter is-resized\"><img decoding=\"async\" loading=\"lazy\" src=\"http:\/\/www.arbitraire.fr\/actu\/wp-content\/uploads\/2013\/10\/Etoile12BD-1-3.jpg\" alt=\"\" class=\"wp-image-1795\" width=\"81\" height=\"88\"\/><\/figure><\/div>\n\n\n\n<p style=\"text-align:center\"><a href=\"http:\/\/www.arbitraire.fr\/auteurs_Renaud_Thomas.php\">Renaud Thomas<\/a>&nbsp;sera pr\u00e9sent pendant toute la dur\u00e9e de la r\u00e9sidence<br>Pierre Feuille Ciseaux&nbsp;<a href=\"http:\/\/www.pierrefeuilleciseaux.com\/\">http:\/\/www.pierrefeuilleciseaux.com\/<\/a><br>en tant que s\u00e9rigraphe d\u00e9vou\u00e9 !<\/p>\n\n\n\n<div class=\"wp-block-image\"><figure class=\"aligncenter is-resized\"><a href=\"http:\/\/www.pierrefeuilleciseaux.com\/\" target=\"_blank\" rel=\"noreferrer noopener\"><img decoding=\"async\" loading=\"lazy\" src=\"http:\/\/www.arbitraire.fr\/actu\/wp-content\/uploads\/2013\/10\/PFC7-COMPO-FINAL-WEB-941x1024.jpg\" alt=\"\" class=\"wp-image-1817\" width=\"472\" height=\"514\" srcset=\"http:\/\/www.arbitraire.fr\/actu\/wp-content\/uploads\/2013\/10\/PFC7-COMPO-FINAL-WEB-941x1024.jpg 941w, http:\/\/www.arbitraire.fr\/actu\/wp-content\/uploads\/2013\/10\/PFC7-COMPO-FINAL-WEB-276x300.jpg 276w, http:\/\/www.arbitraire.fr\/actu\/wp-content\/uploads\/2013\/10\/PFC7-COMPO-FINAL-WEB-768x836.jpg 768w, http:\/\/www.arbitraire.fr\/actu\/wp-content\/uploads\/2013\/10\/PFC7-COMPO-FINAL-WEB-600x653.jpg 600w, http:\/\/www.arbitraire.fr\/actu\/wp-content\/uploads\/2013\/10\/PFC7-COMPO-FINAL-WEB.jpg 1276w\" sizes=\"(max-width: 472px) 100vw, 472px\" \/><\/a><\/figure><\/div>\n\n\n\n<div class=\"wp-block-image\"><figure class=\"aligncenter\"><img decoding=\"async\" loading=\"lazy\" width=\"600\" height=\"31\" src=\"http:\/\/www.arbitraire.fr\/actu\/wp-content\/uploads\/2013\/10\/ligne-600x31-1-4.jpg\" alt=\"\" class=\"wp-image-1799\" srcset=\"http:\/\/www.arbitraire.fr\/actu\/wp-content\/uploads\/2013\/10\/ligne-600x31-1-4.jpg 600w, http:\/\/www.arbitraire.fr\/actu\/wp-content\/uploads\/2013\/10\/ligne-600x31-1-4-300x16.jpg 300w\" sizes=\"(max-width: 600px) 100vw, 600px\" \/><\/figure><\/div>\n\n\n\n<p><\/p>\n\n\n\n<div class=\"wp-block-image\"><figure class=\"aligncenter is-resized\"><img decoding=\"async\" loading=\"lazy\" src=\"http:\/\/www.arbitraire.fr\/actu\/wp-content\/uploads\/2013\/10\/FuturTriangle-1-2.jpg\" alt=\"\" class=\"wp-image-1796\" width=\"113\" height=\"70\"\/><\/figure><\/div>\n\n\n\n<p style=\"color:#f83988;text-align:center\" class=\"has-text-color\"><strong>&#8211; Stickboy &#8211;<\/strong><br>Dennis Worden<\/p>\n\n\n\n<p style=\"text-align:center\">Traduit de l\u2019am\u00e9ricain par<br><strong>Telly Diallo et Ratcharge<\/strong><br><br><strong>Postface par Ratcharge<\/strong><br><br>160 pages \/ 19 cm x 24,5 cm \/\u00a018 \u20ac\u00a0<br>Impression int\u00e9rieure n\/b<br>Couverture \u00e0 rabats s\u00e9rigraphi\u00e9e 4 passages<br>Sortie en librairie le 28 F\u00e9vrier 2020<br><\/p>\n\n\n\n<p style=\"color:#f83988;text-align:center\" class=\"has-text-color\"><strong>\u00ab\u00a0Hilarant, d\u00e9bordant de&nbsp;nihilisme<br>et d\u2019angoisse&nbsp;existentielle\u2026 J\u2019adore.\u00a0\u00bb<br>&nbsp;Robert Crumb.<\/strong><\/p>\n\n\n\n<div class=\"wp-block-image\"><figure class=\"aligncenter is-resized\"><a href=\"http:\/\/www.arbitraire.fr\/livres_Stickboy.php\" target=\"_blank\" rel=\"noreferrer noopener\"><img decoding=\"async\" loading=\"lazy\" src=\"http:\/\/www.arbitraire.fr\/actu\/wp-content\/uploads\/2013\/10\/Arbitraire-Stickboy-couv-MONDETHEATRE-794x1024.jpg\" alt=\"\" class=\"wp-image-1824\" width=\"486\" height=\"623\"\/><\/a><\/figure><\/div>\n\n\n\n<div class=\"wp-block-image\"><figure class=\"aligncenter is-resized\"><img decoding=\"async\" loading=\"lazy\" src=\"http:\/\/www.arbitraire.fr\/actu\/wp-content\/uploads\/2013\/10\/Lelivre-copie-2.jpg\" alt=\"\" class=\"wp-image-1822\" width=\"126\" height=\"43\"\/><\/figure><\/div>\n\n\n\n<p style=\"text-align:center\"><strong><em>Stickboy<\/em>, c\u2019est&nbsp;<em>L\u2019Homme R\u00e9volt\u00e9&nbsp;<\/em>de<br>Camus \u00e0 la sauce&nbsp;<em>South Park<\/em>.<\/strong><\/p>\n\n\n\n<p>Renvoy\u00e9 de son travail, le protagoniste se heurte \u00e0 des recruteurs sadiques, et autres humiliations bien connues des ch\u00f4meurs non-qualifi\u00e9s. Ecoeur\u00e9 des compromis, il d\u00e9truit son logement et choisit de devenir SDF. C\u2019est le d\u00e9but d\u2019une plong\u00e9e dans l\u2019Am\u00e9rique de la fin du vingti\u00e8me si\u00e8cle. Celle des drogu\u00e9s, hippies, punks, gourous, ados rebelles&#8230; Mais aussi des businessmen, politiciens, et autres\u00a0\u00ab gagnants \u00bb <br>de la soci\u00e9t\u00e9 de consommation.\u00a0<br><br>Tourment\u00e9 et fataliste, Stickboy est obs\u00e9d\u00e9 par sa place dans l\u2019univers. Ici, il prend conscience de son statut de personnage aux mains d\u2019un cr\u00e9ateur sadique ; l\u00e0, il croise un insecte qui lui vante les m\u00e9rites du d\u00e9veloppement personnel. Mais le voil\u00e0 qui glisse entre les espaces-temps, et atterrit dans des dimensions parall\u00e8les. Il y rencontre son alter-\u00e9go, l\u2019odieux Cubeman. Encore plus misanthrope que lui, ce dernier finira avachi sur un trottoir, \u00e0 insulter les passants, sans jamais se consid\u00e9rer responsable de son sort.<br><br>Cartoon trash \u00e0 l\u2019humour cinglant, qu\u00eate m\u00e9taphysique jusqu\u2019aux limites de l\u2019introspection,\u00a0<em>Stickboy<\/em>\u00a0est le miroir de son auteur, \u00e9ternel marginal n\u2019ayant jamais trouv\u00e9 sa place. Le protagoniste tutoie la folie, meurt, ressuscite, atterrit en prison, subit une apocalypse nucl\u00e9aire, affronte Dieu en personne&#8230; Mais qui bl\u00e2mer pour ses souffrances ? Son cr\u00e9ateur ? La soci\u00e9t\u00e9 ? Ou bien son propre cynisme ? \u00c0 moins qu\u2019il n\u2019y ait aucun responsable, et que le cosmos soit indiff\u00e9rent \u00e0 ses cr\u00e9atures ? Cette qu\u00eate de r\u00e9ponses qui plonge notre antih\u00e9ros en enfer, c\u2019est peut-\u00eatre simplement celle d\u2019un homme comme les autres, aux prises avec le mythe am\u00e9ricain du self-made man.<\/p>\n\n\n\n<div class=\"wp-block-image\"><figure class=\"aligncenter is-resized\"><a href=\"http:\/\/www.arbitraire.fr\/livres_Stickboy.php\" target=\"_blank\" rel=\"noreferrer noopener\"><img decoding=\"async\" loading=\"lazy\" src=\"http:\/\/www.arbitraire.fr\/actu\/wp-content\/uploads\/2013\/10\/Arbitraire-Stickboy-EXTRAITCASE-1024x690.jpg\" alt=\"\" class=\"wp-image-1813\" width=\"472\" height=\"317\" srcset=\"http:\/\/www.arbitraire.fr\/actu\/wp-content\/uploads\/2013\/10\/Arbitraire-Stickboy-EXTRAITCASE-1024x690.jpg 1024w, http:\/\/www.arbitraire.fr\/actu\/wp-content\/uploads\/2013\/10\/Arbitraire-Stickboy-EXTRAITCASE-300x202.jpg 300w, http:\/\/www.arbitraire.fr\/actu\/wp-content\/uploads\/2013\/10\/Arbitraire-Stickboy-EXTRAITCASE-768x517.jpg 768w, http:\/\/www.arbitraire.fr\/actu\/wp-content\/uploads\/2013\/10\/Arbitraire-Stickboy-EXTRAITCASE-600x404.jpg 600w, http:\/\/www.arbitraire.fr\/actu\/wp-content\/uploads\/2013\/10\/Arbitraire-Stickboy-EXTRAITCASE.jpg 1253w\" sizes=\"(max-width: 472px) 100vw, 472px\" \/><\/a><\/figure><\/div>\n\n\n\n<div class=\"wp-block-image\"><figure class=\"aligncenter is-resized\"><img decoding=\"async\" loading=\"lazy\" src=\"http:\/\/www.arbitraire.fr\/actu\/wp-content\/uploads\/2013\/10\/Lauteur-1-2.jpg\" alt=\"\" class=\"wp-image-1821\" width=\"148\" height=\"58\"\/><\/figure><\/div>\n\n\n\n<p>N\u00e9 en Californie dans les ann\u00e9es 1950, Dennis Worden d\u00e9couvre la mouvance hippie \u00e0 l\u2019adolescence. Inspir\u00e9 par le LSD, <br>il rend les cl\u00e9s de son appartement et part sur les routes.<br>En 1981, il int\u00e8gre\u00a0<em>Weirdo<\/em>, la revue de Robert Crumb. Cette rencontre lui ouvre les portes de Fantagraphics, fer de lance de la BD ind\u00e9pendante aux Etats-Unis.\u00a0<em>Stickboy<\/em>\u00a0trouve son public chez les punks et marginaux de l\u2019\u00e9poque, parmi lesquels les auteurs Peter Bagge, Jaime et Gilbert Hernandez, ou Gary Panter. Quand Worden abandonne Fantagraphics avec la m\u00eame d\u00e9termination que son logement,\u00a0<em>Stickboy<\/em>\u00a0est adopt\u00e9 par le sulfureux \u00e9diteur Todd Loren, qui finira assassin\u00e9 en 1992, puis par Starhead, Carnal Comics, Edge Of The World, et aujourd\u2019hui Arbitraire.<\/p>\n\n\n\n<div class=\"wp-block-image\"><figure class=\"aligncenter is-resized\"><img decoding=\"async\" loading=\"lazy\" src=\"http:\/\/www.arbitraire.fr\/actu\/wp-content\/uploads\/2013\/10\/z3-150x150-1.jpg\" alt=\"\" class=\"wp-image-1788\" width=\"74\" height=\"74\"\/><\/figure><\/div>\n","protected":false},"excerpt":{"rendered":"<p>Comme chaque ann\u00e9e, nous serons \u00e0 \u00ab\u00a0La BD\u00a0\u00bb pour leFestival International de la Bande Dessin\u00e9e d&rsquo;Angoul\u00eame,du 30 janvier au 2 f\u00e9vrier.Gros programme cette ann\u00e9e : en plus de f\u00eater la sortie en previewde\u00a0Stickboy\u00a0de Dennis Worden, certain\u00b7e\u00b7s partageront le don d&rsquo;ubiquit\u00e9.Antoine &hellip; <a href=\"http:\/\/www.arbitraire.fr\/actu\/2020\/01\/arbitraire-les-nouvelles-janvier-2020\/\">Continuer la lecture <span class=\"meta-nav\">&rarr;<\/span><\/a><\/p>\n","protected":false},"author":1,"featured_media":0,"comment_status":"closed","ping_status":"open","sticky":false,"template":"","format":"standard","meta":[],"categories":[9,8,4],"tags":[232,79,13,16,236,229,233,109,240,148,234,46,179,180,77,238,237,81,228,36,230,231,239],"_links":{"self":[{"href":"http:\/\/www.arbitraire.fr\/actu\/wp-json\/wp\/v2\/posts\/1825"}],"collection":[{"href":"http:\/\/www.arbitraire.fr\/actu\/wp-json\/wp\/v2\/posts"}],"about":[{"href":"http:\/\/www.arbitraire.fr\/actu\/wp-json\/wp\/v2\/types\/post"}],"author":[{"embeddable":true,"href":"http:\/\/www.arbitraire.fr\/actu\/wp-json\/wp\/v2\/users\/1"}],"replies":[{"embeddable":true,"href":"http:\/\/www.arbitraire.fr\/actu\/wp-json\/wp\/v2\/comments?post=1825"}],"version-history":[{"count":15,"href":"http:\/\/www.arbitraire.fr\/actu\/wp-json\/wp\/v2\/posts\/1825\/revisions"}],"predecessor-version":[{"id":1840,"href":"http:\/\/www.arbitraire.fr\/actu\/wp-json\/wp\/v2\/posts\/1825\/revisions\/1840"}],"wp:attachment":[{"href":"http:\/\/www.arbitraire.fr\/actu\/wp-json\/wp\/v2\/media?parent=1825"}],"wp:term":[{"taxonomy":"category","embeddable":true,"href":"http:\/\/www.arbitraire.fr\/actu\/wp-json\/wp\/v2\/categories?post=1825"},{"taxonomy":"post_tag","embeddable":true,"href":"http:\/\/www.arbitraire.fr\/actu\/wp-json\/wp\/v2\/tags?post=1825"}],"curies":[{"name":"wp","href":"https:\/\/api.w.org\/{rel}","templated":true}]}}