{"id":1667,"date":"2019-09-04T11:52:11","date_gmt":"2019-09-04T09:52:11","guid":{"rendered":"http:\/\/www.arbitraire.fr\/actu\/?p=1667"},"modified":"2019-09-04T11:52:11","modified_gmt":"2019-09-04T09:52:11","slug":"les-nouvelles-arbitraire-septembre-2019","status":"publish","type":"post","link":"http:\/\/www.arbitraire.fr\/actu\/2019\/09\/les-nouvelles-arbitraire-septembre-2019\/","title":{"rendered":"Les Nouvelles Arbitraire &#8211; Septembre 2019"},"content":{"rendered":"\n<div class=\"wp-block-image\"><figure class=\"aligncenter is-resized\"><img decoding=\"async\" loading=\"lazy\" src=\"http:\/\/www.arbitraire.fr\/actu\/wp-content\/uploads\/2019\/09\/TitreNewsNouvellesArbiBD-600x238-1.jpg\" alt=\"\" class=\"wp-image-1668\" width=\"398\" height=\"158\" srcset=\"http:\/\/www.arbitraire.fr\/actu\/wp-content\/uploads\/2019\/09\/TitreNewsNouvellesArbiBD-600x238-1.jpg 600w, http:\/\/www.arbitraire.fr\/actu\/wp-content\/uploads\/2019\/09\/TitreNewsNouvellesArbiBD-600x238-1-300x119.jpg 300w\" sizes=\"(max-width: 398px) 100vw, 398px\" \/><\/figure><\/div>\n\n\n\n<div class=\"wp-block-image\"><figure class=\"aligncenter is-resized\"><img decoding=\"async\" loading=\"lazy\" src=\"http:\/\/www.arbitraire.fr\/actu\/wp-content\/uploads\/2019\/09\/Eclat-BD-1-600x506.jpg\" alt=\"\" class=\"wp-image-1669\" width=\"89\" height=\"76\" srcset=\"http:\/\/www.arbitraire.fr\/actu\/wp-content\/uploads\/2019\/09\/Eclat-BD-1-600x506.jpg 600w, http:\/\/www.arbitraire.fr\/actu\/wp-content\/uploads\/2019\/09\/Eclat-BD-1-600x506-300x253.jpg 300w\" sizes=\"(max-width: 89px) 100vw, 89px\" \/><\/figure><\/div>\n\n\n\n<p style=\"text-align:center\">Bonjour \u00e0 tou\u00b7te\u00b7s,<br>Mauvaises nouvelles : c&rsquo;est la rentr\u00e9e ET IL EST ENCORE L\u00c0.<br>Faisons fi de la lente d\u00e9r\u00e9liction du monde pour nous donner rendez-vous \u00e0 Lausanne le<br>week-end du 13 &#8211; 14 &#8211; 15 Septembre, o\u00f9 nous vernirons l&rsquo;exposition de\u00a0<br><a href=\"http:\/\/kobeblog-bertoyas.blogspot.com\/\">JM Bertoyas<\/a>\u00a0et\u00a0<a href=\"http:\/\/thomasperrodin.blogspot.com\/\">Thomas Perrodin<\/a>\u00a0\u00ab\u00a0<a href=\"https:\/\/www.facebook.com\/events\/517291755744577\/?active_tab=discussion\">Brumes<\/a>\u00a0\u00bb \u00e0 la\u00a0<a href=\"http:\/\/librairie.humus-art.com\/\">librairie HumuS<\/a>, <br>en compagnie des ami\u00b7e\u00b7s d&rsquo;<a href=\"https:\/\/www.hecatombe.ch\/blog.php\">H\u00e9catombe<\/a>.<br>Nous passerons ensuite le week end \u00e0 l&rsquo;espace micro-\u00e9dition de\u00a0<a href=\"http:\/\/www.bdfil.ch\/edition-2019-2\/\">BDFil<\/a>\u00a0en nombre, <br>puisque\u00a0<a href=\"https:\/\/pierreferrero.tumblr.com\/\">Pierre Ferrero<\/a>,\u00a0<a href=\"https:\/\/spongiculture.net\/\">Oriane Lassus<\/a>,\u00a0<a href=\"https:\/\/antoinemarchalot.tumblr.com\/\">Antoine Marchalot<\/a>\u00a0et\u00a0<a href=\"http:\/\/arbitraire.fr\/auteurs_Renaud_Thomas.php\">Renaud Thomas<\/a>\u00a0seront pr\u00e9sent\u00b7e\u00b7s.<br>On va manquer de chaises d&rsquo;ailleurs, si vous avez \u00e7a !<\/p>\n\n\n\n<div class=\"wp-block-image\"><figure class=\"aligncenter is-resized\"><img decoding=\"async\" loading=\"lazy\" src=\"http:\/\/www.arbitraire.fr\/actu\/wp-content\/uploads\/2013\/10\/intro-1024x1024.jpeg\" alt=\"\" class=\"wp-image-1652\" width=\"332\" height=\"331\" srcset=\"http:\/\/www.arbitraire.fr\/actu\/wp-content\/uploads\/2013\/10\/intro-1024x1024.jpeg 1024w, http:\/\/www.arbitraire.fr\/actu\/wp-content\/uploads\/2013\/10\/intro-150x150.jpeg 150w, http:\/\/www.arbitraire.fr\/actu\/wp-content\/uploads\/2013\/10\/intro-300x300.jpeg 300w, http:\/\/www.arbitraire.fr\/actu\/wp-content\/uploads\/2013\/10\/intro-768x768.jpeg 768w, http:\/\/www.arbitraire.fr\/actu\/wp-content\/uploads\/2013\/10\/intro-600x600.jpeg 600w\" sizes=\"(max-width: 332px) 100vw, 332px\" \/><\/figure><\/div>\n\n\n\n<div class=\"wp-block-image\"><figure class=\"aligncenter is-resized\"><img decoding=\"async\" loading=\"lazy\" src=\"http:\/\/www.arbitraire.fr\/actu\/wp-content\/uploads\/2013\/10\/ligne-600x31-1.jpg\" alt=\"\" class=\"wp-image-1657\" width=\"463\" height=\"23\" srcset=\"http:\/\/www.arbitraire.fr\/actu\/wp-content\/uploads\/2013\/10\/ligne-600x31-1.jpg 600w, http:\/\/www.arbitraire.fr\/actu\/wp-content\/uploads\/2013\/10\/ligne-600x31-1-300x16.jpg 300w\" sizes=\"(max-width: 463px) 100vw, 463px\" \/><\/figure><\/div>\n\n\n\n<div class=\"wp-block-image\"><figure class=\"aligncenter is-resized\"><img decoding=\"async\" loading=\"lazy\" src=\"http:\/\/www.arbitraire.fr\/actu\/wp-content\/uploads\/2013\/10\/FuturTriangle-1.jpg\" alt=\"\" class=\"wp-image-1663\" width=\"116\" height=\"72\"\/><\/figure><\/div>\n\n\n\n<div class=\"wp-block-image\"><figure class=\"aligncenter is-resized\"><img decoding=\"async\" loading=\"lazy\" src=\"http:\/\/www.arbitraire.fr\/actu\/wp-content\/uploads\/2013\/10\/Bertos.jpg\" alt=\"\" class=\"wp-image-1646\" width=\"421\" height=\"316\" srcset=\"http:\/\/www.arbitraire.fr\/actu\/wp-content\/uploads\/2013\/10\/Bertos.jpg 960w, http:\/\/www.arbitraire.fr\/actu\/wp-content\/uploads\/2013\/10\/Bertos-300x225.jpg 300w, http:\/\/www.arbitraire.fr\/actu\/wp-content\/uploads\/2013\/10\/Bertos-768x576.jpg 768w, http:\/\/www.arbitraire.fr\/actu\/wp-content\/uploads\/2013\/10\/Bertos-600x450.jpg 600w\" sizes=\"(max-width: 421px) 100vw, 421px\" \/><\/figure><\/div>\n\n\n\n<p style=\"text-align:center\">Fin Ao\u00fbt, nous avons s\u00e9rigraphi\u00e9 la couverture de \u00ab\u00a0Nicy et ses amis\u00a0\u00bb, <br>le quatri\u00e8me opus de\u00a0l&rsquo; \u00ab\u00a0<a href=\"http:\/\/www.arbitraire.fr\/livres_Parzan.php\">Anthologie des narrations d\u00e9crisp\u00e9es de J.M Bertoyas<\/a>\u00a0\u00bb <br>(qui est le second \u00e0 para\u00eetre chez\u00a0<a href=\"http:\/\/www.arbitraire.fr\/livres_Parzan.php\">Arbitraire<\/a>, mais le quatri\u00e8me dans <br>la chronologie ping pong avec\u00a0<a href=\"https:\/\/adverse.livre-avenir.org\/\">Adverse<\/a>,\u00a0pour ceux et celles qui suivent).<br><br>Vous pourrez retrouver l&rsquo;AND #4<strong>\u00a0le 24 octobre en librairie<\/strong>.<br><br><strong>Au programme :<\/strong><br>Des dessins in\u00e9dits, des mises en couleur in\u00e9dites, des histoires courtes in\u00e9dites, <br>une pr\u00e9face, une postface et cinq Kob\u00e9 \u00e0 red\u00e9couvrir :\u00a0L\u2019Amphigouri, Nicy, Nycy 2, Kluft et Le W\u00f4me.<br><br>\u00c0\u00a0suivre !<br><\/p>\n\n\n\n<div class=\"wp-block-image\"><figure class=\"aligncenter is-resized\"><img decoding=\"async\" loading=\"lazy\" src=\"http:\/\/www.arbitraire.fr\/actu\/wp-content\/uploads\/2013\/10\/JMB-p10-1024x889.jpg\" alt=\"\" class=\"wp-image-1653\" width=\"422\" height=\"366\" srcset=\"http:\/\/www.arbitraire.fr\/actu\/wp-content\/uploads\/2013\/10\/JMB-p10-1024x889.jpg 1024w, http:\/\/www.arbitraire.fr\/actu\/wp-content\/uploads\/2013\/10\/JMB-p10-300x260.jpg 300w, http:\/\/www.arbitraire.fr\/actu\/wp-content\/uploads\/2013\/10\/JMB-p10-768x666.jpg 768w, http:\/\/www.arbitraire.fr\/actu\/wp-content\/uploads\/2013\/10\/JMB-p10-600x521.jpg 600w, http:\/\/www.arbitraire.fr\/actu\/wp-content\/uploads\/2013\/10\/JMB-p10.jpg 1611w\" sizes=\"(max-width: 422px) 100vw, 422px\" \/><\/figure><\/div>\n\n\n\n<div class=\"wp-block-image\"><figure class=\"aligncenter is-resized\"><img decoding=\"async\" loading=\"lazy\" src=\"http:\/\/www.arbitraire.fr\/actu\/wp-content\/uploads\/2019\/09\/ligne-600x31-1.jpg\" alt=\"\" class=\"wp-image-1671\" width=\"515\" height=\"26\" srcset=\"http:\/\/www.arbitraire.fr\/actu\/wp-content\/uploads\/2019\/09\/ligne-600x31-1.jpg 600w, http:\/\/www.arbitraire.fr\/actu\/wp-content\/uploads\/2019\/09\/ligne-600x31-1-300x16.jpg 300w\" sizes=\"(max-width: 515px) 100vw, 515px\" \/><\/figure><\/div>\n\n\n\n<div class=\"wp-block-image\"><figure class=\"aligncenter is-resized\"><img decoding=\"async\" loading=\"lazy\" src=\"http:\/\/www.arbitraire.fr\/actu\/wp-content\/uploads\/2013\/10\/ChronogeoBD-4-600x213-1.jpg\" alt=\"\" class=\"wp-image-1647\" width=\"306\" height=\"107\"\/><\/figure><\/div>\n\n\n\n<div class=\"wp-block-image\"><figure class=\"aligncenter is-resized\"><img decoding=\"async\" loading=\"lazy\" src=\"http:\/\/www.arbitraire.fr\/actu\/wp-content\/uploads\/2013\/10\/Etoile12BD-1.jpg\" alt=\"\" class=\"wp-image-1666\" width=\"86\" height=\"92\"\/><\/figure><\/div>\n\n\n\n<div class=\"wp-block-image\"><figure class=\"aligncenter is-resized\"><img decoding=\"async\" loading=\"lazy\" src=\"http:\/\/www.arbitraire.fr\/actu\/wp-content\/uploads\/2013\/10\/1._bdfil_2019_-_affiche-717x1024.jpg\" alt=\"\" class=\"wp-image-1664\" width=\"428\" height=\"609\"\/><figcaption><br><\/figcaption><\/figure><\/div>\n\n\n\n<p style=\"text-align:center\"><strong>Comme mentionn\u00e9 pr\u00e9c\u00e9demment, vous pourrez nous retrouver&nbsp;<\/strong><br><strong>au festival&nbsp;<a href=\"http:\/\/www.bdfil.ch\/\">BDFil<\/a>&nbsp;\u00e0 l&rsquo;<a href=\"http:\/\/www.bdfil.ch\/espace-microedition\/\">espace micro\u00e9dition<\/a>.<\/strong><br>\u00c7a se passe ici :&nbsp;<br>Forum de l\u2019H\u00f4tel de Ville, place de la Palud 2, Lausanne<br>Les horaires :&nbsp;<br>Samedi : 12h &#8211; 21h \/\/ dimanche :&nbsp;12h-19h<\/p>\n\n\n\n<p style=\"text-align:center\">Toutes les informations sur le festival ici :&nbsp;<a href=\"http:\/\/www.bdfil.ch\/\">http:\/\/www.bdfil.ch\/\ufeff<\/a><\/p>\n\n\n\n<div class=\"wp-block-image\"><figure class=\"aligncenter is-resized\"><img decoding=\"async\" loading=\"lazy\" src=\"http:\/\/www.arbitraire.fr\/actu\/wp-content\/uploads\/2013\/10\/Etoile1BD-3-1.jpg\" alt=\"\" class=\"wp-image-1651\" width=\"73\" height=\"79\"\/><\/figure><\/div>\n\n\n\n<figure class=\"wp-block-image\"><img alt=\"\"\/><\/figure>\n\n\n\n<p style=\"text-align:center\"><strong>MAIS D\u00c8S LE VENDREDI 13 SEPTEMBRE, NOUS SERONS L\u00c0 :<\/strong><\/p>\n\n\n\n<div class=\"wp-block-image\"><figure class=\"aligncenter is-resized\"><img decoding=\"async\" loading=\"lazy\" src=\"http:\/\/www.arbitraire.fr\/actu\/wp-content\/uploads\/2013\/10\/PerfBerto-1024x724.jpg\" alt=\"\" class=\"wp-image-1659\" width=\"451\" height=\"319\" srcset=\"http:\/\/www.arbitraire.fr\/actu\/wp-content\/uploads\/2013\/10\/PerfBerto-1024x724.jpg 1024w, http:\/\/www.arbitraire.fr\/actu\/wp-content\/uploads\/2013\/10\/PerfBerto-300x212.jpg 300w, http:\/\/www.arbitraire.fr\/actu\/wp-content\/uploads\/2013\/10\/PerfBerto-768x543.jpg 768w, http:\/\/www.arbitraire.fr\/actu\/wp-content\/uploads\/2013\/10\/PerfBerto-600x424.jpg 600w, http:\/\/www.arbitraire.fr\/actu\/wp-content\/uploads\/2013\/10\/PerfBerto.jpg 2048w\" sizes=\"(max-width: 451px) 100vw, 451px\" \/><\/figure><\/div>\n\n\n\n<p style=\"text-align:center\">Dans le cadre de BDFIL Off,\u00a0<a href=\"http:\/\/humus-art.com\/\">HumuS<\/a>\u00a0pr\u00e9sente\u00a0<a href=\"https:\/\/www.facebook.com\/events\/517291755744577\/?event_time_id=517291762411243\">\u00ab\u00a0BRUMES\u00a0\u00bb une exposition de Jean-Michel Bertoyas et<\/a><br><a href=\"https:\/\/www.facebook.com\/events\/517291755744577\/?event_time_id=517291762411243\"> Thomas Perrodin<\/a>\u00a0du 12 septembre au 5 octobre Vernissage le 13 septembre d\u00e8s 19h30 <br>en pr\u00e9sence des artistes avec\u00a0<a href=\"https:\/\/www.facebook.com\/events\/1333669140121458\/\">NuR : performance sonore \/ Vernissage expo Brumes<\/a><br>Horaire Sp\u00e9cial BDFIL : dimanche 15 et lundi 16 septembre : 14h-18h\u00a0<br>Sinon aux horaires de la librairie. Tout public \/ entr\u00e9e libre.<\/p>\n\n\n\n<div class=\"wp-block-image\"><figure class=\"aligncenter is-resized\"><img decoding=\"async\" loading=\"lazy\" src=\"http:\/\/www.arbitraire.fr\/actu\/wp-content\/uploads\/2013\/10\/67038856_2869416196465756_6458509968453664768_n-1.jpg\" alt=\"\" class=\"wp-image-1665\" width=\"440\" height=\"356\" srcset=\"http:\/\/www.arbitraire.fr\/actu\/wp-content\/uploads\/2013\/10\/67038856_2869416196465756_6458509968453664768_n-1.jpg 754w, http:\/\/www.arbitraire.fr\/actu\/wp-content\/uploads\/2013\/10\/67038856_2869416196465756_6458509968453664768_n-1-300x243.jpg 300w, http:\/\/www.arbitraire.fr\/actu\/wp-content\/uploads\/2013\/10\/67038856_2869416196465756_6458509968453664768_n-1-600x486.jpg 600w\" sizes=\"(max-width: 440px) 100vw, 440px\" \/><\/figure><\/div>\n\n\n\n<div class=\"wp-block-image\"><figure class=\"aligncenter is-resized\"><img decoding=\"async\" loading=\"lazy\" src=\"http:\/\/www.arbitraire.fr\/actu\/wp-content\/uploads\/2013\/10\/Etoile12BD-1.jpg\" alt=\"\" class=\"wp-image-1666\" width=\"80\" height=\"86\"\/><\/figure><\/div>\n\n\n\n<div class=\"wp-block-image\"><figure class=\"aligncenter is-resized\"><img decoding=\"async\" loading=\"lazy\" src=\"http:\/\/www.arbitraire.fr\/actu\/wp-content\/uploads\/2013\/10\/colasimage1.jpg\" alt=\"\" class=\"wp-image-1648\" width=\"296\" height=\"282\" srcset=\"http:\/\/www.arbitraire.fr\/actu\/wp-content\/uploads\/2013\/10\/colasimage1.jpg 388w, http:\/\/www.arbitraire.fr\/actu\/wp-content\/uploads\/2013\/10\/colasimage1-300x287.jpg 300w\" sizes=\"(max-width: 296px) 100vw, 296px\" \/><\/figure><\/div>\n\n\n\n<div class=\"wp-block-image\"><figure class=\"aligncenter is-resized\"><img decoding=\"async\" loading=\"lazy\" src=\"http:\/\/www.arbitraire.fr\/actu\/wp-content\/uploads\/2013\/10\/z3-1.jpg\" alt=\"\" class=\"wp-image-1661\" width=\"112\" height=\"112\" srcset=\"http:\/\/www.arbitraire.fr\/actu\/wp-content\/uploads\/2013\/10\/z3-1.jpg 280w, http:\/\/www.arbitraire.fr\/actu\/wp-content\/uploads\/2013\/10\/z3-1-150x150.jpg 150w\" sizes=\"(max-width: 112px) 100vw, 112px\" \/><\/figure><\/div>\n","protected":false},"excerpt":{"rendered":"<p>Bonjour \u00e0 tou\u00b7te\u00b7s,Mauvaises nouvelles : c&rsquo;est la rentr\u00e9e ET IL EST ENCORE L\u00c0.Faisons fi de la lente d\u00e9r\u00e9liction du monde pour nous donner rendez-vous \u00e0 Lausanne leweek-end du 13 &#8211; 14 &#8211; 15 Septembre, o\u00f9 nous vernirons l&rsquo;exposition de\u00a0JM Bertoyas\u00a0et\u00a0Thomas &hellip; <a href=\"http:\/\/www.arbitraire.fr\/actu\/2019\/09\/les-nouvelles-arbitraire-septembre-2019\/\">Continuer la lecture <span class=\"meta-nav\">&rarr;<\/span><\/a><\/p>\n","protected":false},"author":1,"featured_media":0,"comment_status":"closed","ping_status":"open","sticky":false,"template":"","format":"standard","meta":[],"categories":[9,8,10,4],"tags":[163,13,16,144,207,208,203,204,23,145,205,161,206,35,36,202],"_links":{"self":[{"href":"http:\/\/www.arbitraire.fr\/actu\/wp-json\/wp\/v2\/posts\/1667"}],"collection":[{"href":"http:\/\/www.arbitraire.fr\/actu\/wp-json\/wp\/v2\/posts"}],"about":[{"href":"http:\/\/www.arbitraire.fr\/actu\/wp-json\/wp\/v2\/types\/post"}],"author":[{"embeddable":true,"href":"http:\/\/www.arbitraire.fr\/actu\/wp-json\/wp\/v2\/users\/1"}],"replies":[{"embeddable":true,"href":"http:\/\/www.arbitraire.fr\/actu\/wp-json\/wp\/v2\/comments?post=1667"}],"version-history":[{"count":15,"href":"http:\/\/www.arbitraire.fr\/actu\/wp-json\/wp\/v2\/posts\/1667\/revisions"}],"predecessor-version":[{"id":1686,"href":"http:\/\/www.arbitraire.fr\/actu\/wp-json\/wp\/v2\/posts\/1667\/revisions\/1686"}],"wp:attachment":[{"href":"http:\/\/www.arbitraire.fr\/actu\/wp-json\/wp\/v2\/media?parent=1667"}],"wp:term":[{"taxonomy":"category","embeddable":true,"href":"http:\/\/www.arbitraire.fr\/actu\/wp-json\/wp\/v2\/categories?post=1667"},{"taxonomy":"post_tag","embeddable":true,"href":"http:\/\/www.arbitraire.fr\/actu\/wp-json\/wp\/v2\/tags?post=1667"}],"curies":[{"name":"wp","href":"https:\/\/api.w.org\/{rel}","templated":true}]}}