{"id":1617,"date":"2019-05-15T15:46:40","date_gmt":"2019-05-15T13:46:40","guid":{"rendered":"http:\/\/www.arbitraire.fr\/actu\/?p=1617"},"modified":"2019-05-22T16:30:57","modified_gmt":"2019-05-22T14:30:57","slug":"les-nouvelles-arbitraire-mai-2019","status":"publish","type":"post","link":"http:\/\/www.arbitraire.fr\/actu\/2019\/05\/les-nouvelles-arbitraire-mai-2019\/","title":{"rendered":"Les Nouvelles Arbitraire &#8211; Mai 2019"},"content":{"rendered":"\n<div class=\"wp-block-image\"><figure class=\"aligncenter is-resized\"><img decoding=\"async\" loading=\"lazy\" src=\"http:\/\/www.arbitraire.fr\/actu\/wp-content\/uploads\/2019\/05\/TitreNewsNouvellesArbiBD-600x238-1.jpg\" alt=\"\" class=\"wp-image-1618\" width=\"353\" height=\"140\" srcset=\"http:\/\/www.arbitraire.fr\/actu\/wp-content\/uploads\/2019\/05\/TitreNewsNouvellesArbiBD-600x238-1.jpg 600w, http:\/\/www.arbitraire.fr\/actu\/wp-content\/uploads\/2019\/05\/TitreNewsNouvellesArbiBD-600x238-1-300x119.jpg 300w\" sizes=\"(max-width: 353px) 100vw, 353px\" \/><\/figure><\/div>\n\n\n\n<div class=\"wp-block-image\"><figure class=\"aligncenter is-resized\"><img decoding=\"async\" loading=\"lazy\" src=\"http:\/\/www.arbitraire.fr\/actu\/wp-content\/uploads\/2019\/05\/Eclat-BD-1-600x506.jpg\" alt=\"\" class=\"wp-image-1619\" width=\"76\" height=\"63\" srcset=\"http:\/\/www.arbitraire.fr\/actu\/wp-content\/uploads\/2019\/05\/Eclat-BD-1-600x506.jpg 600w, http:\/\/www.arbitraire.fr\/actu\/wp-content\/uploads\/2019\/05\/Eclat-BD-1-600x506-300x253.jpg 300w\" sizes=\"(max-width: 76px) 100vw, 76px\" \/><\/figure><\/div>\n\n\n\n<p style=\"text-align:center\">Dans les jours \u00e0 venir, le mot d&rsquo;ordre restera \u00ab\u00a0\u00c0\u00a0L&rsquo;OUEST TOUTE\u00a0\u00bb :\u00a0<br>On se dirige vers Toulouse du 17 mai au 19 mai pour la premi\u00e8re \u00e9dition\u00a0<br>du festival de narration\u00a0<a href=\"https:\/\/festivalbandit.fr\/\">Bandit<\/a>\u00a0et son programme fort all\u00e9chant&#8230;<\/p>\n\n\n\n<p style=\"text-align:center\">\u00c0&nbsp;vite !<br><\/p>\n\n\n\n<div class=\"wp-block-image\"><figure class=\"aligncenter\"><img decoding=\"async\" loading=\"lazy\" width=\"600\" height=\"31\" src=\"http:\/\/www.arbitraire.fr\/actu\/wp-content\/uploads\/2019\/05\/ligne-600x31-1.jpg\" alt=\"\" class=\"wp-image-1620\" srcset=\"http:\/\/www.arbitraire.fr\/actu\/wp-content\/uploads\/2019\/05\/ligne-600x31-1.jpg 600w, http:\/\/www.arbitraire.fr\/actu\/wp-content\/uploads\/2019\/05\/ligne-600x31-1-300x16.jpg 300w\" sizes=\"(max-width: 600px) 100vw, 600px\" \/><\/figure><\/div>\n\n\n\n<div class=\"wp-block-image\"><figure class=\"aligncenter is-resized\"><img decoding=\"async\" loading=\"lazy\" src=\"http:\/\/www.arbitraire.fr\/actu\/wp-content\/uploads\/2019\/05\/LeslivresBDtriangle-3.jpg\" alt=\"\" class=\"wp-image-1621\" width=\"157\" height=\"104\" srcset=\"http:\/\/www.arbitraire.fr\/actu\/wp-content\/uploads\/2019\/05\/LeslivresBDtriangle-3.jpg 362w, http:\/\/www.arbitraire.fr\/actu\/wp-content\/uploads\/2019\/05\/LeslivresBDtriangle-3-300x200.jpg 300w\" sizes=\"(max-width: 157px) 100vw, 157px\" \/><\/figure><\/div>\n\n\n\n<p style=\"color:#aa955e;text-align:center\" class=\"has-text-color\">&nbsp;<strong>&#8211; Leumonde.fr,&nbsp;La version papier des strips<br>parus dans la version web du journal papier&nbsp;&#8211;<\/strong><br><\/p>\n\n\n\n<p style=\"text-align:center\"><strong>Antoine Marchalot<br><\/strong>Sortie en librairie le 28 mars 2019<br>Disponible \u00e0 la commande&nbsp;<a href=\"http:\/\/www.arbitraire.fr\/livres_leumondefr.php\">ici\ufeff<\/a><\/p>\n\n\n\n<p style=\"color:#aa955e;text-align:center\" class=\"has-text-color\">24 pages \/ 38 cm x 58 cm (recass\u00e9 en 38 cm x 29 cm)&nbsp;<br>12\u20ac<br><strong>Impression offset couleur&nbsp;<br>Hors collection<\/strong><\/p>\n\n\n\n<div class=\"wp-block-image\"><figure class=\"aligncenter is-resized\"><a href=\"https:\/\/www.bodoi.info\/leumonde-fr\/\" target=\"_blank\" rel=\"noreferrer noopener\"><img decoding=\"async\" loading=\"lazy\" src=\"http:\/\/www.arbitraire.fr\/actu\/wp-content\/uploads\/2019\/05\/bodoi-leumonde-600x932.png\" alt=\"\" class=\"wp-image-1622\" width=\"550\" height=\"855\" srcset=\"http:\/\/www.arbitraire.fr\/actu\/wp-content\/uploads\/2019\/05\/bodoi-leumonde-600x932.png 600w, http:\/\/www.arbitraire.fr\/actu\/wp-content\/uploads\/2019\/05\/bodoi-leumonde-600x932-193x300.png 193w\" sizes=\"(max-width: 550px) 100vw, 550px\" \/><\/a><\/figure><\/div>\n\n\n\n<div class=\"wp-block-image\"><figure class=\"aligncenter is-resized\"><a href=\"http:\/\/www.arbitraire.fr\/livres_leumondefr.php\" target=\"_blank\" rel=\"noreferrer noopener\"><img decoding=\"async\" loading=\"lazy\" src=\"http:\/\/www.arbitraire.fr\/actu\/wp-content\/uploads\/2019\/05\/Couv-Leumonde-def-1-600x464.jpg\" alt=\"\" class=\"wp-image-1623\" width=\"554\" height=\"428\" srcset=\"http:\/\/www.arbitraire.fr\/actu\/wp-content\/uploads\/2019\/05\/Couv-Leumonde-def-1-600x464.jpg 600w, http:\/\/www.arbitraire.fr\/actu\/wp-content\/uploads\/2019\/05\/Couv-Leumonde-def-1-600x464-300x232.jpg 300w\" sizes=\"(max-width: 554px) 100vw, 554px\" \/><\/a><\/figure><\/div>\n\n\n\n<div class=\"wp-block-image\"><figure class=\"aligncenter is-resized\"><img decoding=\"async\" loading=\"lazy\" src=\"http:\/\/www.arbitraire.fr\/actu\/wp-content\/uploads\/2019\/05\/Lelivre-copie-1.jpg\" alt=\"\" class=\"wp-image-1624\" width=\"122\" height=\"42\"\/><\/figure><\/div>\n\n\n\n<p>Entre novembre 2015 et ao\u00fbt 2018, Lemonde.fr met \u00e0 la disposition d\u2019Antoine Marchalot un blog sur lequel il publie chaque dimanche l\u2019interpr\u00e9tation toute personnelle d\u2019une information politique, s\u2019essayant par l\u00e0 et pour la premi\u00e8re fois au dessin de presse. S\u2019appuyant sur le screenshot d\u2019un article du Monde.fr sur lequel il redessine, ajoutant personnages, textes, d\u00e9tournements de photos, on retrouve le go\u00fbt de l\u2019absurde d\u2019Antoine Marchalot mais on d\u00e9couvre \u00e9galement une acuit\u00e9 et une culture politique, un anticonformisme d\u2019une intelligence acerbe qui ravira les adeptes de la critique joyeuse. Tous les \u00e9pisodes sont consultables en tapant \u201cLeumonde.fr\u201d sur votre moteur de recherche&nbsp;<\/p>\n\n\n\n<div class=\"wp-block-image\"><figure class=\"aligncenter is-resized\"><img decoding=\"async\" loading=\"lazy\" src=\"http:\/\/www.arbitraire.fr\/actu\/wp-content\/uploads\/2019\/05\/Lauteur-1-1.jpg\" alt=\"\" class=\"wp-image-1625\" width=\"107\" height=\"42\"\/><\/figure><\/div>\n\n\n\n<p>Antoine Marchalot est n\u00e9 tr\u00e8s jeune en 1986, \u00e0 Brest, Bretagne. Fuyant une carri\u00e8re toute trac\u00e9e dans la p\u00eache en haute mer, il rejoint les rangs du collectif lyonnais&nbsp;<a href=\"http:\/\/www.arbitraire.fr\/actu\/\">Arbitraire<\/a>&nbsp;avec qui il partage un go\u00fbt prononc\u00e9 pour les pantalons en velours et les gratins de chou. Depuis il fait de la bande dessin\u00e9e, des illustrations, des affiches\u2026 Apr\u00e8s avoir exerc\u00e9 dans la revue \u201cProfesseur Cyclope\u201d, il cr\u00e9\u00e9 la s\u00e9rie \u201cLeumonde.fr\u201d pour le journal du presque m\u00eame nom, o\u00f9 il s\u2019essaie tout entier \u00e0 la cr\u00e9ation num\u00e9rique avec un anticonformisme politique et une impertinence qui ont d\u00fb faire passer l\u2019envie de petit d\u00e9jeuner \u00e0 certains nomm\u00e9s&#8230; Il co-anime r\u00e9guli\u00e8rement des ateliers au centre La \u201cS\u201d Grand Atelier avec&nbsp;<a href=\"http:\/\/margauxduseigneur.com\/\">Margaux Duseigneur<\/a>, avec qui il a aussi cr\u00e9\u00e9 la micro-structure d\u2019\u00e9dition&nbsp;<a href=\"https:\/\/levaucharette.tumblr.com\/\">Le Vau-Charrette<\/a>.&nbsp;<\/p>\n\n\n\n<p>Disponible \u00e0 la commande&nbsp;<a href=\"http:\/\/www.arbitraire.fr\/livres_leumondefr.php\">ici<\/a>.<\/p>\n\n\n\n<div class=\"wp-block-image\"><figure class=\"aligncenter\"><img decoding=\"async\" loading=\"lazy\" width=\"600\" height=\"31\" src=\"http:\/\/www.arbitraire.fr\/actu\/wp-content\/uploads\/2019\/05\/ligne-600x31-1-1.jpg\" alt=\"\" class=\"wp-image-1626\" srcset=\"http:\/\/www.arbitraire.fr\/actu\/wp-content\/uploads\/2019\/05\/ligne-600x31-1-1.jpg 600w, http:\/\/www.arbitraire.fr\/actu\/wp-content\/uploads\/2019\/05\/ligne-600x31-1-1-300x16.jpg 300w\" sizes=\"(max-width: 600px) 100vw, 600px\" \/><\/figure><\/div>\n\n\n\n<div class=\"wp-block-image\"><figure class=\"aligncenter is-resized\"><img decoding=\"async\" loading=\"lazy\" src=\"http:\/\/www.arbitraire.fr\/actu\/wp-content\/uploads\/2019\/05\/ChronogeoBD-4-600x213.jpg\" alt=\"\" class=\"wp-image-1627\" width=\"310\" height=\"109\"\/><\/figure><\/div>\n\n\n\n<p style=\"color:#259c4a;text-align:center\" class=\"has-text-color\"><strong>Premier arr\u00eat \u00e0 Toulouse pour le festival de narration BANDIT&nbsp;<br>dont la programmation compl\u00e8te est&nbsp;<a href=\"https:\/\/festivalbandit.fr\/?fbclid=IwAR1DSGgFe6beQCyl9woRCQ9LBW6MKYx3zDmBNbh94TGjSdgkx8oEtfhCFO8\">ici<\/a>.<\/strong><br><\/p>\n\n\n\n<p style=\"text-align:center\">C&rsquo;est pas peu dire qu&rsquo;une exposition de Beno\u00eet Jacques, c&rsquo;est&nbsp;<br>un argument d&rsquo;autorit\u00e9 pour faire le d\u00e9placement&#8230;&nbsp;<br>Et pour passer nous voir \u00e0 l&rsquo;occasion ?<\/p>\n\n\n\n<p style=\"color:#259c4a;text-align:center\" class=\"has-text-color\"><strong>Rendez-vous au 30, rue des Jumeaux, 31200 Toulouse, France.<\/strong><br><strong>Vernissage de l&rsquo;exposition le vendredi 17 mai 18h30.<\/strong><br>Ouverture des stands :&nbsp;<br>Samedi 18 mai : 11h &#8211; 19h30<br>Dimache 19 mai : 11h &#8211; 18h<\/p>\n\n\n\n<div class=\"wp-block-image\"><figure class=\"aligncenter is-resized\"><a href=\"https:\/\/festivalbandit.fr\/\" target=\"_blank\" rel=\"noreferrer noopener\"><img decoding=\"async\" loading=\"lazy\" src=\"http:\/\/www.arbitraire.fr\/actu\/wp-content\/uploads\/2019\/05\/tumblr_poo4441ltN1y8jg5ko1_r2_1280-600x848.jpg\" alt=\"\" class=\"wp-image-1628\" width=\"470\" height=\"664\" srcset=\"http:\/\/www.arbitraire.fr\/actu\/wp-content\/uploads\/2019\/05\/tumblr_poo4441ltN1y8jg5ko1_r2_1280-600x848.jpg 600w, http:\/\/www.arbitraire.fr\/actu\/wp-content\/uploads\/2019\/05\/tumblr_poo4441ltN1y8jg5ko1_r2_1280-600x848-212x300.jpg 212w\" sizes=\"(max-width: 470px) 100vw, 470px\" \/><\/a><\/figure><\/div>\n\n\n\n<p style=\"color:#4346cb;text-align:center\" class=\"has-text-color\"><strong>Et vous avez quelques jours ensuite pour vous rendre \u00e0 Nantes <br>o\u00f9 vous attendra&nbsp;un ap\u00e9ro &#8211; d\u00e9dicace accompagn\u00e9 d&rsquo;une exposition&nbsp;<br>d&rsquo;<a href=\"https:\/\/antoinemarchalot.tumblr.com\/\">Antoine Marchalot&nbsp;<\/a>autour de son journal&nbsp;<br>\u00ab\u00a0<a href=\"http:\/\/www.arbitraire.fr\/livres_leumondefr.php\">Leumonde.fr<\/a>\u00a0\u00bb paru le mois dernier !<\/strong>Ce sera \u00e0&nbsp;<a href=\"https:\/\/www.laconciergeriedequartier.fr\/#3\">La Conciergerie du Front Pop\u2019&nbsp;<br><\/a>1, Mail du Front Populaire, 42000 Nantes<br><strong>&#8211; Le jeudi 23 mai \u00e0 partir de 18h &#8211;<br>Exposition du 23 mai au 1er juin 2019<\/strong><\/p>\n\n\n\n<div class=\"wp-block-image\"><figure class=\"aligncenter is-resized\"><img decoding=\"async\" loading=\"lazy\" src=\"http:\/\/www.arbitraire.fr\/actu\/wp-content\/uploads\/2019\/05\/z3.jpg\" alt=\"\" class=\"wp-image-1631\" width=\"104\" height=\"104\" srcset=\"http:\/\/www.arbitraire.fr\/actu\/wp-content\/uploads\/2019\/05\/z3.jpg 280w, http:\/\/www.arbitraire.fr\/actu\/wp-content\/uploads\/2019\/05\/z3-150x150.jpg 150w\" sizes=\"(max-width: 104px) 100vw, 104px\" \/><\/figure><\/div>\n","protected":false},"excerpt":{"rendered":"<p>Dans les jours \u00e0 venir, le mot d&rsquo;ordre restera \u00ab\u00a0\u00c0\u00a0L&rsquo;OUEST TOUTE\u00a0\u00bb :\u00a0On se dirige vers Toulouse du 17 mai au 19 mai pour la premi\u00e8re \u00e9dition\u00a0du festival de narration\u00a0Bandit\u00a0et son programme fort all\u00e9chant&#8230; \u00c0&nbsp;vite ! &nbsp;&#8211; Leumonde.fr,&nbsp;La version papier des &hellip; <a href=\"http:\/\/www.arbitraire.fr\/actu\/2019\/05\/les-nouvelles-arbitraire-mai-2019\/\">Continuer la lecture <span class=\"meta-nav\">&rarr;<\/span><\/a><\/p>\n","protected":false},"author":1,"featured_media":0,"comment_status":"closed","ping_status":"open","sticky":false,"template":"","format":"standard","meta":[],"categories":[9,8,1,59],"tags":[13,16,196,201,199,197,180,198,200],"_links":{"self":[{"href":"http:\/\/www.arbitraire.fr\/actu\/wp-json\/wp\/v2\/posts\/1617"}],"collection":[{"href":"http:\/\/www.arbitraire.fr\/actu\/wp-json\/wp\/v2\/posts"}],"about":[{"href":"http:\/\/www.arbitraire.fr\/actu\/wp-json\/wp\/v2\/types\/post"}],"author":[{"embeddable":true,"href":"http:\/\/www.arbitraire.fr\/actu\/wp-json\/wp\/v2\/users\/1"}],"replies":[{"embeddable":true,"href":"http:\/\/www.arbitraire.fr\/actu\/wp-json\/wp\/v2\/comments?post=1617"}],"version-history":[{"count":10,"href":"http:\/\/www.arbitraire.fr\/actu\/wp-json\/wp\/v2\/posts\/1617\/revisions"}],"predecessor-version":[{"id":1641,"href":"http:\/\/www.arbitraire.fr\/actu\/wp-json\/wp\/v2\/posts\/1617\/revisions\/1641"}],"wp:attachment":[{"href":"http:\/\/www.arbitraire.fr\/actu\/wp-json\/wp\/v2\/media?parent=1617"}],"wp:term":[{"taxonomy":"category","embeddable":true,"href":"http:\/\/www.arbitraire.fr\/actu\/wp-json\/wp\/v2\/categories?post=1617"},{"taxonomy":"post_tag","embeddable":true,"href":"http:\/\/www.arbitraire.fr\/actu\/wp-json\/wp\/v2\/tags?post=1617"}],"curies":[{"name":"wp","href":"https:\/\/api.w.org\/{rel}","templated":true}]}}