{"id":1383,"date":"2018-05-14T11:42:29","date_gmt":"2018-05-14T09:42:29","guid":{"rendered":"http:\/\/www.arbitraire.fr\/actu\/?p=1383"},"modified":"2018-05-14T11:42:59","modified_gmt":"2018-05-14T09:42:59","slug":"bertoyas-expose-a-la-luttine-91-rue-montesquieu-lyon-7-vernissage-ce-vendredi-18-mai-18h30","status":"publish","type":"post","link":"http:\/\/www.arbitraire.fr\/actu\/2018\/05\/bertoyas-expose-a-la-luttine-91-rue-montesquieu-lyon-7-vernissage-ce-vendredi-18-mai-18h30\/","title":{"rendered":"BERTOYAS EXPOSE A LA LUTTINE (91 rue Montesquieu, Lyon 7) \/\/ VERNISSAGE CE VENDREDI 18 MAI &#8211; 18h30"},"content":{"rendered":"<p>&nbsp;<\/p>\n<p><img decoding=\"async\" loading=\"lazy\" class=\"aligncenter size-full wp-image-1384\" src=\"http:\/\/www.arbitraire.fr\/actu\/wp-content\/uploads\/2018\/05\/expoluttinecolor0004.jpg\" alt=\"\" width=\"500\" height=\"691\" srcset=\"http:\/\/www.arbitraire.fr\/actu\/wp-content\/uploads\/2018\/05\/expoluttinecolor0004.jpg 500w, http:\/\/www.arbitraire.fr\/actu\/wp-content\/uploads\/2018\/05\/expoluttinecolor0004-217x300.jpg 217w\" sizes=\"(max-width: 500px) 100vw, 500px\" \/><span style=\"color: #000000;\">Dans la cat\u00e9gorie \u00ab les mecs qu\u2019auraient d\u00e9j\u00e0 d\u00fb exposer \u00e0 la Luttine depuis si longtemps que, franchement, on a du mal \u00e0 capter pourquoi on lui a pas propos\u00e9 avant \u00bb, J.M BERTOYAS se pose un peu l\u00e0. Multi-r\u00e9cidiviste de l\u2019auto-\u00e9dition via ses surr\u00e9alistes fanzines Kob\u00e9, contributeur r\u00e9gulier de CQFD, illustrateur d\u2019affiches de concerts noise\/punk\/DIY\/ tout-ce-que-tu-veux-tant-q<span class=\"text_exposed_show\">ue-\u00e7a-fait-du-bruit, cha\u00eenant manquant entre Andr\u00e9 Breton et Tex Avery, BERTOYAS a aussi \u00e9t\u00e9 publi\u00e9, en vrac, chez Terre Noire,\u00a0Le dernier cri, Les Requins Marteaux, L\u2019Association et tralala-t\u2019soin-t\u2019soin. Ces temps-ci une grande campagne de r\u00e9\u00e9dition de son \u00ab \u0153uvre \u00bb a \u00e9t\u00e9 lanc\u00e9e conjointement par\u00a0Adverse\u00a0et Arbitaire, et ce soir-l\u00e0, le deuxi\u00e8me volume, Parzan et autres saveurs, sera disponible sur place.<\/span><\/span><\/p>\n<div class=\"text_exposed_show\">\n<p><span style=\"color: #000000;\">A part \u00e7a bin c\u2019est un vernissage, donc y\u2019aura des machins bizarres accroch\u00e9s aux murs, d\u2019autres machins bizarres \u00e0 boire et \u00e0 grignoter, et encore d\u2019autres machins bizarres sur les platines via un homme-orchestre nomm\u00e9\u2026 DJ BERTOYAS, \u00e9videmment.<\/span><\/p>\n<p><span style=\"color: #000000;\">Tout \u00e7a, c\u2019est vendredi 18 mai 2018 \u00e0 partir de 18h30 \u00e0 la Luttine, 91 rue Montesquieu dans le 7\u00e8me.<\/span><\/p>\n<\/div>\n","protected":false},"excerpt":{"rendered":"<p>&nbsp; Dans la cat\u00e9gorie \u00ab les mecs qu\u2019auraient d\u00e9j\u00e0 d\u00fb exposer \u00e0 la Luttine depuis si longtemps que, franchement, on a du mal \u00e0 capter pourquoi on lui a pas propos\u00e9 avant \u00bb, J.M BERTOYAS se pose un peu l\u00e0. &hellip; <a href=\"http:\/\/www.arbitraire.fr\/actu\/2018\/05\/bertoyas-expose-a-la-luttine-91-rue-montesquieu-lyon-7-vernissage-ce-vendredi-18-mai-18h30\/\">Continuer la lecture <span class=\"meta-nav\">&rarr;<\/span><\/a><\/p>\n","protected":false},"author":1,"featured_media":0,"comment_status":"closed","ping_status":"open","sticky":false,"template":"","format":"standard","meta":[],"categories":[9,4,1],"tags":[153,45,165,155],"_links":{"self":[{"href":"http:\/\/www.arbitraire.fr\/actu\/wp-json\/wp\/v2\/posts\/1383"}],"collection":[{"href":"http:\/\/www.arbitraire.fr\/actu\/wp-json\/wp\/v2\/posts"}],"about":[{"href":"http:\/\/www.arbitraire.fr\/actu\/wp-json\/wp\/v2\/types\/post"}],"author":[{"embeddable":true,"href":"http:\/\/www.arbitraire.fr\/actu\/wp-json\/wp\/v2\/users\/1"}],"replies":[{"embeddable":true,"href":"http:\/\/www.arbitraire.fr\/actu\/wp-json\/wp\/v2\/comments?post=1383"}],"version-history":[{"count":1,"href":"http:\/\/www.arbitraire.fr\/actu\/wp-json\/wp\/v2\/posts\/1383\/revisions"}],"predecessor-version":[{"id":1385,"href":"http:\/\/www.arbitraire.fr\/actu\/wp-json\/wp\/v2\/posts\/1383\/revisions\/1385"}],"wp:attachment":[{"href":"http:\/\/www.arbitraire.fr\/actu\/wp-json\/wp\/v2\/media?parent=1383"}],"wp:term":[{"taxonomy":"category","embeddable":true,"href":"http:\/\/www.arbitraire.fr\/actu\/wp-json\/wp\/v2\/categories?post=1383"},{"taxonomy":"post_tag","embeddable":true,"href":"http:\/\/www.arbitraire.fr\/actu\/wp-json\/wp\/v2\/tags?post=1383"}],"curies":[{"name":"wp","href":"https:\/\/api.w.org\/{rel}","templated":true}]}}