{"id":1253,"date":"2017-05-05T11:20:38","date_gmt":"2017-05-05T09:20:38","guid":{"rendered":"http:\/\/www.arbitraire.fr\/actu\/?p=1253"},"modified":"2017-05-05T11:20:38","modified_gmt":"2017-05-05T09:20:38","slug":"les-nouvelles-arbitraire-mai-2017","status":"publish","type":"post","link":"http:\/\/www.arbitraire.fr\/actu\/2017\/05\/les-nouvelles-arbitraire-mai-2017\/","title":{"rendered":"Les Nouvelles Arbitraire &#8211; Mai 2017"},"content":{"rendered":"<p style=\"text-align: center;\"><img decoding=\"async\" loading=\"lazy\" class=\"aligncenter size-full wp-image-1252\" src=\"http:\/\/www.arbitraire.fr\/actu\/wp-content\/uploads\/2013\/10\/titrenewsMai017.jpg\" alt=\"titrenewsMai017\" width=\"507\" height=\"164\" srcset=\"http:\/\/www.arbitraire.fr\/actu\/wp-content\/uploads\/2013\/10\/titrenewsMai017.jpg 507w, http:\/\/www.arbitraire.fr\/actu\/wp-content\/uploads\/2013\/10\/titrenewsMai017-300x97.jpg 300w\" sizes=\"(max-width: 507px) 100vw, 507px\" \/><\/p>\n<p style=\"text-align: center;\"><span style=\"color: #000000;\">Le 13 Mai, retrouvez-nous pour le <a style=\"color: #000000;\" href=\"http:\/\/www.arbitraire.fr\/actu\/?email_id=56&amp;user_id=7&amp;urlpassed=aHR0cDovL2JmYWNlLnZhcmNlcy5mci8%3D&amp;controller=stats&amp;action=analyse&amp;wysija-page=1&amp;wysijap=subscriptions\">B-Face festival<\/a>, \u00e0 Varces (Rh\u00f4ne-Alpes).<\/span><br \/>\n<span style=\"color: #000000;\">Il y aura des concerts gratuits, des concerts payants, une bourse aux vinyles, <\/span><br \/>\n<span style=\"color: #000000;\">des animations&#8230; <\/span><br \/>\n<span style=\"color: #000000;\">Et nous, nos <a style=\"color: #000000;\" href=\"http:\/\/www.arbitraire.fr\/actu\/?email_id=56&amp;user_id=7&amp;urlpassed=aHR0cDovL3d3dy5hcmJpdHJhaXJlLmZyL2xpdnJlcy5waHA%3D&amp;controller=stats&amp;action=analyse&amp;wysija-page=1&amp;wysijap=subscriptions\">livres<\/a> et nos <a style=\"color: #000000;\" href=\"http:\/\/www.arbitraire.fr\/actu\/?email_id=56&amp;user_id=7&amp;urlpassed=aHR0cDovL3d3dy5hcmJpdHJhaXJlLmZyL2FmZmljaGVzLnBocA%3D%3D&amp;controller=stats&amp;action=analyse&amp;wysija-page=1&amp;wysijap=subscriptions\">affiches<\/a> !<\/span><\/p>\n<p style=\"text-align: center;\"><img decoding=\"async\" loading=\"lazy\" class=\"aligncenter size-full wp-image-1197\" src=\"http:\/\/www.arbitraire.fr\/actu\/wp-content\/uploads\/2017\/01\/ligne.jpg\" alt=\"ligne\" width=\"4059\" height=\"216\" srcset=\"http:\/\/www.arbitraire.fr\/actu\/wp-content\/uploads\/2017\/01\/ligne.jpg 4059w, http:\/\/www.arbitraire.fr\/actu\/wp-content\/uploads\/2017\/01\/ligne-300x16.jpg 300w, http:\/\/www.arbitraire.fr\/actu\/wp-content\/uploads\/2017\/01\/ligne-768x41.jpg 768w, http:\/\/www.arbitraire.fr\/actu\/wp-content\/uploads\/2017\/01\/ligne-1024x54.jpg 1024w, http:\/\/www.arbitraire.fr\/actu\/wp-content\/uploads\/2017\/01\/ligne-600x32.jpg 600w\" sizes=\"(max-width: 4059px) 100vw, 4059px\" \/> <img decoding=\"async\" loading=\"lazy\" class=\"aligncenter size-full wp-image-999\" src=\"http:\/\/www.arbitraire.fr\/actu\/wp-content\/uploads\/2016\/05\/rdv.jpg\" alt=\"rdv\" width=\"485\" height=\"99\" srcset=\"http:\/\/www.arbitraire.fr\/actu\/wp-content\/uploads\/2016\/05\/rdv.jpg 485w, http:\/\/www.arbitraire.fr\/actu\/wp-content\/uploads\/2016\/05\/rdv-300x61.jpg 300w\" sizes=\"(max-width: 485px) 100vw, 485px\" \/> <img decoding=\"async\" loading=\"lazy\" class=\"wp-image-1247\" src=\"http:\/\/www.arbitraire.fr\/actu\/wp-content\/uploads\/2013\/10\/17990552_1686058251697635_4450153638503726802_o-1.jpg\" alt=\"17990552_1686058251697635_4450153638503726802_o\" width=\"419\" height=\"592\" srcset=\"http:\/\/www.arbitraire.fr\/actu\/wp-content\/uploads\/2013\/10\/17990552_1686058251697635_4450153638503726802_o-1.jpg 1448w, http:\/\/www.arbitraire.fr\/actu\/wp-content\/uploads\/2013\/10\/17990552_1686058251697635_4450153638503726802_o-1-212x300.jpg 212w, http:\/\/www.arbitraire.fr\/actu\/wp-content\/uploads\/2013\/10\/17990552_1686058251697635_4450153638503726802_o-1-768x1086.jpg 768w, http:\/\/www.arbitraire.fr\/actu\/wp-content\/uploads\/2013\/10\/17990552_1686058251697635_4450153638503726802_o-1-724x1024.jpg 724w, http:\/\/www.arbitraire.fr\/actu\/wp-content\/uploads\/2013\/10\/17990552_1686058251697635_4450153638503726802_o-1-600x849.jpg 600w\" sizes=\"(max-width: 419px) 100vw, 419px\" \/><\/p>\n<p style=\"text-align: center;\"><span style=\"color: #000000;\"><strong>Arbitraire au B-Face Festival \/\/ Le Samedi 13 Mai 2017<br \/>\n<\/strong><\/span><br \/>\n<span style=\"color: #000000;\">Salle de L&rsquo;Oriel, Espace Charles de Gaulle, 38760 Varces-Alli\u00e8res-et-Risset<br \/>\n<\/span><span style=\"color: #000000;\">&#8211; Avec <a style=\"color: #000000;\" href=\"http:\/\/www.arbitraire.fr\/actu\/?email_id=56&amp;user_id=7&amp;urlpassed=aHR0cDovL3d3dy5hcmJpdHJhaXJlLmZyL2xpdnJlc19xdW9pZGVwbHVzbm9ybWFsLnBocA%3D%3D&amp;controller=stats&amp;action=analyse&amp;wysija-page=1&amp;wysijap=subscriptions\">Oriane Lassus<\/a> et <a style=\"color: #000000;\" href=\"http:\/\/www.arbitraire.fr\/actu\/?email_id=56&amp;user_id=7&amp;urlpassed=aHR0cDovL3d3dy5hcmJpdHJhaXJlLmZyL2xpdnJlc19MZXNwdWlzc2FuY2VzZGVsYXZlbmlyMi5waHA%3D&amp;controller=stats&amp;action=analyse&amp;wysija-page=1&amp;wysijap=subscriptions\">Renaud Thomas<\/a> &#8211;<\/span><br \/>\n<span style=\"color: #000000;\">!!! Ouverture de la bourse aux vinyles \u00e0 8h30 !!!<\/span><br \/>\n<span style=\"color: #000000;\">(Enfin, nous on pense \u00eatre un tout petit peu en retard)<\/span><\/p>\n<p style=\"text-align: center;\">\n<span style=\"color: #000000;\"><strong>Plus tard :<\/strong><\/span><br \/>\n<span style=\"color: #000000;\">CONCERTS EXT\u00c9RIEUR GRATUIT<\/span><br \/>\n<span style=\"color: #000000;\">16h30 : SOURDURE<\/span><br \/>\n<span style=\"color: #000000;\">18h30 : AS A NEW REVOLT<\/span><\/p>\n<p style=\"text-align: center;\"><span style=\"color: #000000;\">&#8212;&#8212;&#8212;&#8212;&#8212;&#8212;&#8212;&#8212;&#8212;&#8212;&#8212;&#8212;&#8212;&#8212;&#8212;&#8212;&#8212;&#8212;&#8212;&#8212;&#8212;&#8212;<\/span><\/p>\n<p style=\"text-align: center;\"><span style=\"color: #000000;\">CONCERTS INT\u00c9RIEUR PAS CHER (10 euros pr\u00e9vente et 12 sur place)<\/span><br \/>\n<span style=\"color: #000000;\">19h30 : TITUS D\u2019ENFER<\/span><br \/>\n<span style=\"color: #000000;\">20h40 : IT IT ANITA<\/span><br \/>\n<span style=\"color: #000000;\">22h00 : BLOOD SPORT<\/span><br \/>\n<span style=\"color: #000000;\">23h20 : GO!ZILLA<\/span><br \/>\n<span style=\"color: #000000;\">00h40 : NOYADES<\/span><\/p>\n<p style=\"text-align: center;\"><span style=\"color: #000000;\">Et toutes les infos ici : <a style=\"color: #000000;\" href=\"http:\/\/www.arbitraire.fr\/actu\/?email_id=56&amp;user_id=7&amp;urlpassed=aHR0cHM6Ly93d3cuZmFjZWJvb2suY29tL2JmYWNlLmJvdXJzZWF1eHZpbnlsZXMvP2ZyZWY9dHM%3D&amp;controller=stats&amp;action=analyse&amp;wysija-page=1&amp;wysijap=subscriptions\">https:\/\/www.facebook.com\/bface.bourseauxvinyles\/?fref=ts<br \/>\n<\/a>ou l\u00e0 :\u00a0<a style=\"color: #000000;\" href=\"http:\/\/www.arbitraire.fr\/actu\/?email_id=56&amp;user_id=7&amp;urlpassed=aHR0cDovL2JmYWNlLnZhcmNlcy5mci8%3D&amp;controller=stats&amp;action=analyse&amp;wysija-page=1&amp;wysijap=subscriptions\">http:\/\/bface.varces.fr\/<\/a><\/span><\/p>\n<p style=\"text-align: center;\"><img decoding=\"async\" loading=\"lazy\" class=\"aligncenter size-full wp-image-411\" src=\"http:\/\/www.arbitraire.fr\/actu\/wp-content\/uploads\/2013\/10\/ligne1.jpg\" alt=\"ligne\" width=\"4059\" height=\"216\" srcset=\"http:\/\/www.arbitraire.fr\/actu\/wp-content\/uploads\/2013\/10\/ligne1.jpg 4059w, http:\/\/www.arbitraire.fr\/actu\/wp-content\/uploads\/2013\/10\/ligne1-300x15.jpg 300w, http:\/\/www.arbitraire.fr\/actu\/wp-content\/uploads\/2013\/10\/ligne1-1024x54.jpg 1024w, http:\/\/www.arbitraire.fr\/actu\/wp-content\/uploads\/2013\/10\/ligne1-600x31.jpg 600w\" sizes=\"(max-width: 4059px) 100vw, 4059px\" \/> <img decoding=\"async\" loading=\"lazy\" class=\"aligncenter size-full wp-image-1250\" src=\"http:\/\/www.arbitraire.fr\/actu\/wp-content\/uploads\/2013\/10\/med_050417095031-86e9a-1.jpg\" alt=\"med_050417095031-86e9a\" width=\"333\" height=\"500\" srcset=\"http:\/\/www.arbitraire.fr\/actu\/wp-content\/uploads\/2013\/10\/med_050417095031-86e9a-1.jpg 333w, http:\/\/www.arbitraire.fr\/actu\/wp-content\/uploads\/2013\/10\/med_050417095031-86e9a-1-200x300.jpg 200w\" sizes=\"(max-width: 333px) 100vw, 333px\" \/><\/p>\n<p style=\"text-align: center;\"><span style=\"color: #000000;\">Si vous passez par Lyon, n&rsquo;h\u00e9sitez-pas \u00e0 vous arr\u00eater \u00e0 la Biblioth\u00e8que municipale de la Part-Dieu pour l&rsquo;exposition <a style=\"color: #000000;\" href=\"http:\/\/www.arbitraire.fr\/actu\/?email_id=56&amp;user_id=7&amp;urlpassed=aHR0cHM6Ly93d3cuYm0tbHlvbi5mci9zcGlwLnBocD9wYWdlPWFnZW5kYV9kYXRlX2lkJmFtcDtzb3VyY2U9JmFtcDtldmVudF9pZD0zMTA5&amp;controller=stats&amp;action=analyse&amp;wysija-page=1&amp;wysijap=subscriptions\">Vlan ! 77 ans de bandes dessin\u00e9es \u00e0 Lyon et en R\u00e9gion<\/a>.<\/span><br \/>\n<span style=\"color: #000000;\">Vous pourrez d\u00e9couvrir entre autres les oeuvres d&rsquo;Oriane Lassus et Renaud Thomas&#8230;<\/span><\/p>\n<p style=\"text-align: center;\"><strong><span style=\"color: #000000;\">Inauguration le\u00a0mardi 16 mai \u00e0 18h30\u00a0<\/span><\/strong><br \/>\n<strong><span style=\"color: #000000;\">Ouverture du mardi 16 mai \u00e0 10h00 au samedi 4 novembre \u00e0 18h00.<\/span><\/strong><br \/>\n<span style=\"color: #000000;\">Toutes les informations relatives \u00e0 l&rsquo;exposition\u00a0<a style=\"color: #000000;\" href=\"http:\/\/www.arbitraire.fr\/actu\/?email_id=56&amp;user_id=7&amp;urlpassed=aHR0cHM6Ly93d3cuYm0tbHlvbi5mci9leHBvc2l0aW9ucy1lbi1saWduZS83Ny1hbnMtZC1lZGl0aW9ucy1kZS1iZC8%3D&amp;controller=stats&amp;action=analyse&amp;wysija-page=1&amp;wysijap=subscriptions\">ici<\/a>.<\/span><\/p>\n<p style=\"text-align: center;\"><img decoding=\"async\" loading=\"lazy\" class=\"aligncenter size-full wp-image-997\" src=\"http:\/\/www.arbitraire.fr\/actu\/wp-content\/uploads\/2016\/05\/bientot.jpg\" alt=\"bientot\" width=\"181\" height=\"64\" \/><\/p>\n","protected":false},"excerpt":{"rendered":"<p>Le 13 Mai, retrouvez-nous pour le B-Face festival, \u00e0 Varces (Rh\u00f4ne-Alpes). Il y aura des concerts gratuits, des concerts payants, une bourse aux vinyles, des animations&#8230; Et nous, nos livres et nos affiches ! Arbitraire au B-Face Festival \/\/ Le &hellip; <a href=\"http:\/\/www.arbitraire.fr\/actu\/2017\/05\/les-nouvelles-arbitraire-mai-2017\/\">Continuer la lecture <span class=\"meta-nav\">&rarr;<\/span><\/a><\/p>\n","protected":false},"author":1,"featured_media":0,"comment_status":"closed","ping_status":"open","sticky":false,"template":"","format":"standard","meta":[],"categories":[9,8],"tags":[16,137,140,58,77,141,36,139,138,142],"_links":{"self":[{"href":"http:\/\/www.arbitraire.fr\/actu\/wp-json\/wp\/v2\/posts\/1253"}],"collection":[{"href":"http:\/\/www.arbitraire.fr\/actu\/wp-json\/wp\/v2\/posts"}],"about":[{"href":"http:\/\/www.arbitraire.fr\/actu\/wp-json\/wp\/v2\/types\/post"}],"author":[{"embeddable":true,"href":"http:\/\/www.arbitraire.fr\/actu\/wp-json\/wp\/v2\/users\/1"}],"replies":[{"embeddable":true,"href":"http:\/\/www.arbitraire.fr\/actu\/wp-json\/wp\/v2\/comments?post=1253"}],"version-history":[{"count":3,"href":"http:\/\/www.arbitraire.fr\/actu\/wp-json\/wp\/v2\/posts\/1253\/revisions"}],"predecessor-version":[{"id":1256,"href":"http:\/\/www.arbitraire.fr\/actu\/wp-json\/wp\/v2\/posts\/1253\/revisions\/1256"}],"wp:attachment":[{"href":"http:\/\/www.arbitraire.fr\/actu\/wp-json\/wp\/v2\/media?parent=1253"}],"wp:term":[{"taxonomy":"category","embeddable":true,"href":"http:\/\/www.arbitraire.fr\/actu\/wp-json\/wp\/v2\/categories?post=1253"},{"taxonomy":"post_tag","embeddable":true,"href":"http:\/\/www.arbitraire.fr\/actu\/wp-json\/wp\/v2\/tags?post=1253"}],"curies":[{"name":"wp","href":"https:\/\/api.w.org\/{rel}","templated":true}]}}